{"id":76256,"date":"2020-01-29T21:41:24","date_gmt":"2020-01-30T02:41:24","guid":{"rendered":"http:\/\/formalprision.com\/?p=76256"},"modified":"2020-01-29T21:41:29","modified_gmt":"2020-01-30T02:41:29","slug":"mauricio-vila-firma-acuerdo-con-airbus-para-la-escuela-de-pilotos-de-helicopteros","status":"publish","type":"post","link":"https:\/\/formalprision.com\/?p=76256","title":{"rendered":"Mauricio Vila firma acuerdo con Airbus para la escuela de pilotos de helic\u00f3pteros"},"content":{"rendered":"\n<p>Anaheim, California, Estados Unidos, 29 de enero de 2020.- El gobernador Mauricio Vila Dosal firm\u00f3 en este d\u00eda el acuerdo de cooperaci\u00f3n con la empresa Airbus, compa\u00f1\u00eda especializada en la industria aeroespacial, y la Escuela de Aviaci\u00f3n M\u00e9xico (EAM), que permitir\u00e1 establecer en Yucat\u00e1n una escuela de pilotos de helic\u00f3ptero para toda Am\u00e9rica Latina.<\/p>\n\n\n\n<p>De esta manera, Vila Dosal concreta la llegada al estado de una firma de alcance global, en un sector donde Yucat\u00e1n tiene amplias oportunidades como lo es el aeroespacial y que, sin duda, contribuir\u00e1 a seguir impulsando el crecimiento y desarrollo de Yucat\u00e1n. Adem\u00e1s, significa el primer acercamiento de esta empresa al sureste del pa\u00eds, con lo que el estado se coloca como l\u00edder en la atracci\u00f3n de este tipo de empresas en la regi\u00f3n.<\/p>\n\n\n\n<p>La colaboraci\u00f3n lograda con Airbus tambi\u00e9n representa el primer paso en el establecimiento de una relaci\u00f3n a largo plazo que podr\u00eda derivar en nuevas y mayores inversiones para Yucat\u00e1n, lo que, sin duda, se traduce en m\u00e1s y mejores empleos.<\/p>\n\n\n\n<p>En el marco de la Heli-Expo 2020, que se desarrolla en la ciudad estadounidense de Anaheim, la muestra m\u00e1s grande en su tipo que re\u00fane a m\u00e1s de 700 expositores y es organizada por la Asociaci\u00f3n Internacional de Helic\u00f3ptero (HAI, por sus siglas en ingl\u00e9s), Vila Dosal suscribi\u00f3 el documento junto con el director general de Airbus en M\u00e9xico, Ricardo Capilla, y el presidente de EAM, Alfredo Vel\u00e1zquez Jim\u00e9nez.<\/p>\n\n\n\n<p>Al dirigir un mensaje, el gobernador se\u00f1al\u00f3 que es una satisfacci\u00f3n constatar que Yucat\u00e1n, por su dinamismo econ\u00f3mico, su infraestructura moderna de transporte, su capital humano calificado, entre otros factores, ofrece unas condiciones atractivas para empresas como Airbus, que tienen proyectos de inversi\u00f3n a largo plazo.<\/p>\n\n\n\n<p>\u201cHay una demanda creciente de pilotos de helic\u00f3ptero en toda la regi\u00f3n y especialmente en el sureste de M\u00e9xico, nuestro estado re\u00fane las condiciones necesarias para la instalaci\u00f3n de este nuevo centro de capacitaci\u00f3n\u201d, expres\u00f3.<\/p>\n\n\n\n<p>Como se anunci\u00f3 la semana pasada, la nueva escuela de pilotos de helic\u00f3ptero se ubicar\u00e1 en el aeropuerto internacional de M\u00e9rida \u201cManuel Crescencio Rej\u00f3n\u201d y acoger\u00e1 pilotos de toda Am\u00e9rica Latina. En ella, se ofrecer\u00e1n varios tipos de formaciones que incluyen cursos ab-initio para nuevos pilotos, cursos para pilotos comerciales, capacitaci\u00f3n para vuelos instrumentales (IFR), cursos de transici\u00f3n de ala fija a helic\u00f3ptero, entre otras opciones curriculares.<\/p>\n\n\n\n<p>\u201cLa creaci\u00f3n de esta escuela se inscribe el fuerte compromiso de Airbus de continuar respondiendo a la demanda de pilotos de helic\u00f3pteros y reforzando la seguridad a\u00e9rea en M\u00e9xico y en toda la regi\u00f3n\u201d, declar\u00f3 Ricardo Capilla.<\/p>\n\n\n\n<p>\u201cQuiero dar las gracias al gobernador Vila Dosal por colaborar con Airbus en el desarrollo del sector aeron\u00e1utico en el estado de Yucat\u00e1n, permitiendo que se pueda entregar una formaci\u00f3n de calidad y con los mayores est\u00e1ndares de seguridad a centenares de pilotos\u201d, a\u00f1adi\u00f3 el alto directivo de esta firma de alcance global.<\/p>\n\n\n\n<p>A nivel mundial, Airbus es l\u00edder mundial en aeron\u00e1utica, espacio y servicios relacionados. En 2018, con una plantilla de alrededor de 134,000 empleados, gener\u00f3 unos ingresos de 64,000 millones de euros. La compa\u00f1\u00eda ofrece la gama m\u00e1s completa de aviones de pasajeros. Asimismo, es l\u00edder europeo en la fabricaci\u00f3n de aviones de repostaje, de combate, de transporte y para misiones, y adem\u00e1s es una de las empresas espaciales l\u00edderes a nivel mundial. En helic\u00f3pteros, Airbus proporciona las soluciones m\u00e1s eficientes del mundo en helic\u00f3pteros civiles y militares.<\/p>\n\n\n\n<p>En M\u00e9xico, Airbus tiene una presencia de casi 40 a\u00f1os, tiene una plantilla de 700 empleados directos en sus tres divisiones y genera m\u00e1s de 5,000 empleos indirectos a trav\u00e9s de su cadena de suministro.<\/p>\n\n\n\n<p>La firma es l\u00edder del sector aeroespacial con una cuota de mercado del 60 por ciento en la industria de la aviaci\u00f3n comercial. Adem\u00e1s, cuenta con 22 aviones de transporte militar en servicio, una flota de 150 helic\u00f3pteros y una red de comunicaci\u00f3n con tecnolog\u00eda Tetrapol que interconecta 32 redes regionales y 200 municipios.<\/p>\n\n\n\n<p>En 2008, Airbus y Escuela de Aviaci\u00f3n M\u00e9xico lanzaron en sus instalaciones de Heliescuela este programa \u00fanico de entrenamiento de pilotos de helic\u00f3ptero, brindando entrenamiento de alto nivel con un enfoque particular en la formaci\u00f3n de ab-initio (un programa para entrenar pilotos altamente calificados). La Escuela de Aviaci\u00f3n M\u00e9xico (EAM) fue fundada en 1943 y es la principal formadora de pilotos aviadores en M\u00e9xico, con 65 aeronaves, 12 simuladores, con presencia en Ciudad de M\u00e9xico, Guadalajara, Cuernavaca, Acapulco y Atizap\u00e1n.<\/p>\n\n\n\n<p>Hay que destacar que el gobernador ha mantenido una cercana relaci\u00f3n con los directivos de Airbus, con quienes en diversas ocasiones se ha reunido para darles a conocer a Yucat\u00e1n como un polo atractivo para las inversiones, dejando en claro la vocaci\u00f3n industrial del estado y las ventajas log\u00edsticas de comunicaci\u00f3n mar\u00edtima y a\u00e9rea, la mano de obra calificada y la posibilidad de generar redes de empresas proveedoras son bondades que se encuentran en pocos lugares del mundo.<\/p>\n\n\n\n<p>La primera cita se dio en el marco de su misi\u00f3n de negocios durante la edici\u00f3n 53 Exposici\u00f3n Internacional de Aeron\u00e1utica y Espacio de Par\u00eds, Francia en junio del a\u00f1o pasado, donde Vila Dosal estuvo promocionando a Yucat\u00e1n ante empresarios de alto nivel tecnol\u00f3gico y sostuvo encuentros con Bruno du Pradel, vicepresidente internacional de Operaciones y Relaciones P\u00fablicas de Airbus y con Pierre Marie Gout, director comercial de la divisi\u00f3n helic\u00f3pteros.<\/p>\n\n\n\n<p>Ah\u00ed, la firma francesa habl\u00f3 del inter\u00e9s en invertir en nuestro pa\u00eds y sobre el gran potencial que tiene Yucat\u00e1n para la instalaci\u00f3n de una importante red peque\u00f1as y medianas empresas que construyan piezas y brinden mantenimiento a las aeronaves reduciendo costos y mejorando la mano de obra.<\/p>\n\n\n\n<p>Tiempo despu\u00e9s, en noviembre pasado, durante gira de trabajo en Marsella, Francia, el gobernador se reuni\u00f3 en el Centro de Desarrollo de Ingenier\u00eda y Manufactura de Airbus con altos directivos de Airbus Helicopters, Mesrob Karalekian, vicepresidente para Am\u00e9rica Latina; Martin Werner, vicepresidente de Industria, Alain Krief, director de Inversiones y Participaci\u00f3n Industrial, Eric Th\u00e9baud, director de Compras, y Mathias Klein, director de Seguridad Operacional.<\/p>\n\n\n\n<p>En ese marco, se destac\u00f3 que lo que se busca con este consorcio de capital internacional es que empresas yucatecas se inserten en la cadena de proveedur\u00eda y de manera indirecta se fabriquen partes que luego sean usadas en las aeronaves de Airbus.<\/p>\n\n\n\n<p>De igual manera, el gobernador pudo conocer la l\u00ednea de trabajo, los requerimientos t\u00e9cnicos, las capacidades de la mano de obra y los procesos a los cuales Yucat\u00e1n se puede sumar. Ah\u00ed visit\u00f3 las l\u00edneas de ensamblaje de los helic\u00f3pteros que se fabrican en este pa\u00eds, adem\u00e1s de tener la oportunidad de observar la tecnolog\u00eda con la que se trabaja y la innovaci\u00f3n en los dise\u00f1os que se desarrollan.<\/p>\n\n\n\n<p>Las atractivas condiciones que ofrece Yucat\u00e1n permiten que firmas como Airbus, l\u00edder en el sector aeroespacial se interese en el desarrollo de largo plazo de proyectos de inversi\u00f3n de alto valor agregado.<\/p>\n\n\n\n<p>El Gobierno de Vila Dosal mantiene la visi\u00f3n seguir atrayendo inversiones que generen m\u00e1s fuentes de empleo y oportunidades a los yucatecos, lo que s\u00f3lo puede ser posible si se traen empresas con grandes capitales como Airbus. (Comunicado de Prensa)<\/p>\n","protected":false},"excerpt":{"rendered":"<p>Anaheim, California, Estados Unidos, 29 de enero de 2020.- El gobernador Mauricio Vila Dosal firm\u00f3 en este d\u00eda el acuerdo de cooperaci\u00f3n con la empresa Airbus, compa\u00f1\u00eda especializada en la<\/p>\n","protected":false},"author":1,"featured_media":76257,"comment_status":"open","ping_status":"open","sticky":false,"template":"","format":"standard","meta":{"jetpack_post_was_ever_published":false,"_jetpack_newsletter_access":"","_jetpack_dont_email_post_to_subs":false,"_jetpack_newsletter_tier_id":0,"_jetpack_memberships_contains_paywalled_content":false,"_jetpack_memberships_contains_paid_content":false,"footnotes":"","jetpack_publicize_message":"","jetpack_publicize_feature_enabled":true,"jetpack_social_post_already_shared":true,"jetpack_social_options":{"image_generator_settings":{"template":"highway","default_image_id":0,"font":"","enabled":false},"version":2}},"categories":[17],"tags":[],"class_list":["post-76256","post","type-post","status-publish","format-standard","has-post-thumbnail","hentry","category-politica-y-gobierno"],"jetpack_publicize_connections":[],"jetpack_featured_media_url":"https:\/\/formalprision.com\/wp-content\/uploads\/2020\/01\/IMG_6412.jpg","jetpack_sharing_enabled":true,"jetpack_shortlink":"https:\/\/wp.me\/p6id8p-jPW","_links":{"self":[{"href":"https:\/\/formalprision.com\/index.php?rest_route=\/wp\/v2\/posts\/76256","targetHints":{"allow":["GET"]}}],"collection":[{"href":"https:\/\/formalprision.com\/index.php?rest_route=\/wp\/v2\/posts"}],"about":[{"href":"https:\/\/formalprision.com\/index.php?rest_route=\/wp\/v2\/types\/post"}],"author":[{"embeddable":true,"href":"https:\/\/formalprision.com\/index.php?rest_route=\/wp\/v2\/users\/1"}],"replies":[{"embeddable":true,"href":"https:\/\/formalprision.com\/index.php?rest_route=%2Fwp%2Fv2%2Fcomments&post=76256"}],"version-history":[{"count":0,"href":"https:\/\/formalprision.com\/index.php?rest_route=\/wp\/v2\/posts\/76256\/revisions"}],"wp:featuredmedia":[{"embeddable":true,"href":"https:\/\/formalprision.com\/index.php?rest_route=\/wp\/v2\/media\/76257"}],"wp:attachment":[{"href":"https:\/\/formalprision.com\/index.php?rest_route=%2Fwp%2Fv2%2Fmedia&parent=76256"}],"wp:term":[{"taxonomy":"category","embeddable":true,"href":"https:\/\/formalprision.com\/index.php?rest_route=%2Fwp%2Fv2%2Fcategories&post=76256"},{"taxonomy":"post_tag","embeddable":true,"href":"https:\/\/formalprision.com\/index.php?rest_route=%2Fwp%2Fv2%2Ftags&post=76256"}],"curies":[{"name":"wp","href":"https:\/\/api.w.org\/{rel}","templated":true}]}}