{"id":76294,"date":"2020-01-31T11:07:29","date_gmt":"2020-01-31T16:07:29","guid":{"rendered":"http:\/\/formalprision.com\/?p=76294"},"modified":"2020-01-31T11:07:35","modified_gmt":"2020-01-31T16:07:35","slug":"el-festival-de-la-veda-llevara-por-segunda-ocasion-beneficios-a-la-costa","status":"publish","type":"post","link":"https:\/\/formalprision.com\/?p=76294","title":{"rendered":"El Festival de la Veda llevar\u00e1 por segunda ocasi\u00f3n beneficios a la costa"},"content":{"rendered":"\n<p>M\u00e9rida, Yucat\u00e1n, 30 de enero de 2020.- Por segundo a\u00f1o consecutivo, se celebrar\u00e1 en Yucat\u00e1n el Festival de la Veda 2020, iniciativa impulsada por el gobernador Mauricio Vila Dosal que promover\u00e1 de nueva cuenta los atractivos de la costa yucateca y un amplio programa de actividades durante el tiempo en que suspende la captura del mero en la entidad, que va del 1 de febrero al 31 de marzo, con el fin de generar alternativas productivas para los pescadores y contribuir a reactivar la econom\u00eda de sus comunidades.<\/p>\n\n\n\n<p>En rueda de prensa, se present\u00f3 la segunda edici\u00f3n de esta estrategia, que tiene como principal objetivo que un mayor n\u00famero de yucatecos y turistas visten la regi\u00f3n costera de Yucat\u00e1n durante esta temporada, lo que se traducen en una importante derrama econ\u00f3mica.<\/p>\n\n\n\n<p>Al respecto, la directora del Instituto Promotor de Ferias del estado (IPFY), Abril Ferreyro Rosado, indic\u00f3 que el Festival iniciar\u00e1 este fin de semana, s\u00e1bado 1 y domingo 2 de febrero, en el puerto de Celest\u00fan con diversas actividades como limpieza de dunas costeras y de playas, bazar artesanal, muestra gastron\u00f3mica y opciones para el ecoturismo, entre otras. <\/p>\n\n\n\n<p>La funcionaria estatal detall\u00f3 que las actividades continuar\u00e1n el 8 y 9 de febrero en Chelem, Chuburn\u00e1 y Progreso; el 15 y 16 del mismo mes en San Crisanto; el 29 de febrero y 1 de marzoen Chabihau, Dzilam de Bravo y Santa Clara; el 7 y 8 de marzo en Chicxulub y Telchac; 14 y 15 de marzo en San Felipe, R\u00edo Lagartos y Las Coloradas; el 21 y el 22 del mismo mes en Sisal; y cerrar\u00e1 el 28 y 29 de marzo en El Cuyo. <\/p>\n\n\n\n<p>Entre las novedades a presentarse este a\u00f1o, Ferreyro Rosado se\u00f1al\u00f3 que dado el \u00e9xito que se obtuvo el a\u00f1o pasado, se organizar\u00e1n festivales simult\u00e1neos en 2 o m\u00e1s puertos. De igual manera, se contemplan actividades dirigidas a personas con discapacidad, competencias deportivas recreativas y otras de valor profesional, como el Oceanman este 22 de marzo, torneos de pesca por troleo y a media agua para evitar la captura accidental del mero. <\/p>\n\n\n\n<p>Adicionalmente, dijo, se contar\u00e1 con una mayor participaci\u00f3n del sector pesquero en la oferta de bienes y servicios tur\u00edsticos locales, ofreci\u00e9ndoles una alternativa a su actividad convencional en esta \u00e9poca y garantizando un mejor ingreso econ\u00f3mico. <\/p>\n\n\n\n<p>Por \u00faltimo, la directora afirm\u00f3 se espera que este a\u00f1o se supere la inversi\u00f3n realizada en el 2019, que fue de un estimado de 750,000 pesos gracias a los padrinos del sector privado; con lo que se benefici\u00f3 directamente a 1,958 personas e indirectamente a m\u00e1s de 12,000 familias, pues tambi\u00e9n se facilit\u00f3 espacios para la comercializaci\u00f3n de productos y servicios y se les dio capacitaci\u00f3n en emprendimiento. <\/p>\n\n\n\n<p>En su intervenci\u00f3n, la titular de Secretar\u00eda de la Cultura y las Artes (Sedeculta), Erika Millet Corona, se\u00f1al\u00f3 que su dependencia organizar\u00e1 actividades culturales dirigidos tanto para los visitantes como para las personas de las localidades. Tambi\u00e9n, confirm\u00f3 la participaci\u00f3n de la Orquesta Jaranera del Mayab, del Coro de C\u00e1mara de Yucat\u00e1n y del Tr\u00edo Trovadores de Yucat\u00e1n. <\/p>\n\n\n\n<p>Por su parte, el director del Instituto del Deporte (IDEY), Carlos S\u00e1enz Castillo, se\u00f1al\u00f3 que entre los atractivos deportivos se encuentra una exhibici\u00f3n del equipo de f\u00fatbol americano femenil \u201cRangers de M\u00e9rida\u201d, y la firma de aut\u00f3grafos de integrantes de los Venados de Yucat\u00e1n en Chelem el 8 febrero. <\/p>\n\n\n\n<p>De igual manera, a\u00f1adi\u00f3, el Festival coincidir\u00e1 con eventos importantes deportivos como el Oceanman 2020, que tiene confirmada la asistencia de 800 personas, y la exhibici\u00f3n del World P\u00e1del Tour, con la participaci\u00f3n de las 19 mejores parejas a nivel mundial en la disciplina. <\/p>\n\n\n\n<p>En ese marco, se explic\u00f3 que las actividades se llevar\u00e1n a cabo durante los fines de semana. Cada localidad costera ser\u00e1 sede de eventos como limpieza de duna, playas y manglar, muestra gastron\u00f3mica presentada por cocineras y pescadores; bazar artesanal, exposici\u00f3n de centros de para promover las alternativas productivas que les permiten apoyar su econom\u00eda.<\/p>\n\n\n\n<p>Igualmente, se indic\u00f3 se estar\u00e1n realizando rallys ecol\u00f3gicos, talleres para ni\u00f1os y adolescentes, un Festival de las Alas, exhibici\u00f3n de proyectos de conservaci\u00f3n, una obra de teatro con tem\u00e1tica de prevenci\u00f3n del delito, conservaci\u00f3n de la biodiversidad, competencias deportivas, cine en la playa, entre otras atractivas actividades. <\/p>\n\n\n\n<p>Hay que recordar que esta estrategia fue reconocida por el Programa de las Naciones Unidad para el Desarrollo (PNUD) en el pa\u00eds como la iniciativa ganadora de la categor\u00eda Planeta del Premio \u201cTransformando M\u00e9xico desde lo Local\u201d por su incidencia para el logro de la Agenda 2030, compitiendo con m\u00e1s de 700 proyectos. <\/p>\n\n\n\n<p>En 2019, el Festival de la Veda catapult\u00f3 la econom\u00eda de la costa yucateca. Los prestadores de servicios, cooperativas y artesanos registraron un aumento de hasta el 70 por ciento en ventas, lo que consolid\u00f3 el \u00e9xito de este programa. Adem\u00e1s, se percibi\u00f3 un significativo incremento en el n\u00famero de visitantes con pernocta, pues los hoteles registraron una ocupaci\u00f3n que va del 40% al 60%.<\/p>\n","protected":false},"excerpt":{"rendered":"<p>M\u00e9rida, Yucat\u00e1n, 30 de enero de 2020.- Por segundo a\u00f1o consecutivo, se celebrar\u00e1 en Yucat\u00e1n el Festival de la Veda 2020, iniciativa impulsada por el gobernador Mauricio Vila Dosal que<\/p>\n","protected":false},"author":1,"featured_media":76295,"comment_status":"open","ping_status":"open","sticky":false,"template":"","format":"standard","meta":{"jetpack_post_was_ever_published":false,"_jetpack_newsletter_access":"","_jetpack_dont_email_post_to_subs":false,"_jetpack_newsletter_tier_id":0,"_jetpack_memberships_contains_paywalled_content":false,"_jetpack_memberships_contains_paid_content":false,"footnotes":"","jetpack_publicize_message":"","jetpack_publicize_feature_enabled":true,"jetpack_social_post_already_shared":true,"jetpack_social_options":{"image_generator_settings":{"template":"highway","default_image_id":0,"font":"","enabled":false},"version":2}},"categories":[17],"tags":[],"class_list":["post-76294","post","type-post","status-publish","format-standard","has-post-thumbnail","hentry","category-politica-y-gobierno"],"jetpack_publicize_connections":[],"jetpack_featured_media_url":"https:\/\/formalprision.com\/wp-content\/uploads\/2020\/01\/IMG_6431.jpg","jetpack_sharing_enabled":true,"jetpack_shortlink":"https:\/\/wp.me\/p6id8p-jQy","_links":{"self":[{"href":"https:\/\/formalprision.com\/index.php?rest_route=\/wp\/v2\/posts\/76294","targetHints":{"allow":["GET"]}}],"collection":[{"href":"https:\/\/formalprision.com\/index.php?rest_route=\/wp\/v2\/posts"}],"about":[{"href":"https:\/\/formalprision.com\/index.php?rest_route=\/wp\/v2\/types\/post"}],"author":[{"embeddable":true,"href":"https:\/\/formalprision.com\/index.php?rest_route=\/wp\/v2\/users\/1"}],"replies":[{"embeddable":true,"href":"https:\/\/formalprision.com\/index.php?rest_route=%2Fwp%2Fv2%2Fcomments&post=76294"}],"version-history":[{"count":0,"href":"https:\/\/formalprision.com\/index.php?rest_route=\/wp\/v2\/posts\/76294\/revisions"}],"wp:featuredmedia":[{"embeddable":true,"href":"https:\/\/formalprision.com\/index.php?rest_route=\/wp\/v2\/media\/76295"}],"wp:attachment":[{"href":"https:\/\/formalprision.com\/index.php?rest_route=%2Fwp%2Fv2%2Fmedia&parent=76294"}],"wp:term":[{"taxonomy":"category","embeddable":true,"href":"https:\/\/formalprision.com\/index.php?rest_route=%2Fwp%2Fv2%2Fcategories&post=76294"},{"taxonomy":"post_tag","embeddable":true,"href":"https:\/\/formalprision.com\/index.php?rest_route=%2Fwp%2Fv2%2Ftags&post=76294"}],"curies":[{"name":"wp","href":"https:\/\/api.w.org\/{rel}","templated":true}]}}