{"id":76297,"date":"2020-01-31T12:03:54","date_gmt":"2020-01-31T17:03:54","guid":{"rendered":"http:\/\/formalprision.com\/?p=76297"},"modified":"2020-01-31T12:08:31","modified_gmt":"2020-01-31T17:08:31","slug":"recluyen-en-el-psiquiatrico-a-sujeto-que-apunalo-a-su-bebe","status":"publish","type":"post","link":"https:\/\/formalprision.com\/?p=76297","title":{"rendered":"Recluyen en el Psiqui\u00e1trico a sujeto que apu\u00f1al\u00f3 a su beb\u00e9"},"content":{"rendered":"\n<p>El Juez de  Control del Primer Distrito Judicial, R\u00f3mulo Antonio Bonilla Casta\u00f1eda, decret\u00f3 inimputable a Isa\u00edas Oy Chan, quien a mediados de diciembre acuchill\u00f3 en un ataque de esquizofrenia a su propia hijita.<\/p>\n\n\n\n<p>El sujeto libr\u00f3 la c\u00e1rcel, pero se orden\u00f3 su traslado al hospital psiqui\u00e1trico para su tratamiento, a fin de que se tomen las medidas pertinentes  para salvaguardar la integridad de la sociedad, familiares y el mismo imputado.<\/p>\n\n\n\n<p>En realidad lo que el juez determin\u00f3 fue la exclusi\u00f3n del delito de homicidio en raz\u00f3n de parentesco en grado de tentativa y el sobreseimiento del asunto.<\/p>\n\n\n\n<p>Seg\u00fan el dictamen, el juez tom\u00f3 la decisi\u00f3n en base al art\u00edculo 21 del C\u00f3digo Penal del Estado y el art\u00edculo 327 fracci\u00f3n IV del C\u00f3digo Nacional de Procedimientos Penales.<\/p>\n\n\n\n<p> El Art\u00edculo 21 del C\u00f3digo penal de Yucat\u00e1n se\u00f1ala que: \u201cEl delito se excluye cuando concurra una causa de atipicidad, causa de justificaci\u00f3n o causa de inculpabilidad\u201d. Este mismo numeral establece como causa de inculpabilidad \u201cLa inimputabilidad y acci\u00f3n libre en su causa, cuando al momento de realizar el hecho t\u00edpico, el agente no tenga la capacidad de comprender el car\u00e1cter il\u00edcito de aqu\u00e9l o de conducirse de acuerdo con esa comprensi\u00f3n, en virtud de padecer trastorno mental o desarrollo intelectual retardado\u201d.<\/p>\n\n\n\n<p>Los hechos ocurrieron el 19 de diciembre, cuando  Isa\u00edas Oy Chan, de 33 a\u00f1os y originario de Chacsink\u00edn, se encontraba en su casa de la colonia L\u00e1zaro C\u00e1rdenas.<\/p>\n\n\n\n<p>Apenas 3 meses atr\u00e1s hab\u00eda salido del Hospital Psiqui\u00e1trico, ya que padec\u00eda esquizofrenia.<\/p>\n\n\n\n<p>El sujeto apu\u00f1al\u00f3 varias veces a su hija de tres meses  porque lloraba mucho. Ella fue llevada de urgencia a la Cl\u00ednica \u201cT-1\u201d, del IMSS, donde lograron salvarle la vida<\/p>\n\n\n\n<p>Tras su detenci\u00f3n fue enviado al Psiqui\u00e1trico, que emiti\u00f3 un dictamen  se\u00f1alando que pod\u00eda ser sometido a proceso penal porque supuestamente est\u00e1 consciente de la realidad, pero el juez determin\u00f3 que no es as\u00ed.<\/p>\n","protected":false},"excerpt":{"rendered":"<p>El Juez de Control del Primer Distrito Judicial, R\u00f3mulo Antonio Bonilla Casta\u00f1eda, decret\u00f3 inimputable a Isa\u00edas Oy Chan, quien a mediados de diciembre acuchill\u00f3 en un ataque de esquizofrenia a<\/p>\n","protected":false},"author":1,"featured_media":76298,"comment_status":"open","ping_status":"open","sticky":false,"template":"","format":"standard","meta":{"jetpack_post_was_ever_published":false,"_jetpack_newsletter_access":"","_jetpack_dont_email_post_to_subs":false,"_jetpack_newsletter_tier_id":0,"_jetpack_memberships_contains_paywalled_content":false,"_jetpack_memberships_contains_paid_content":false,"footnotes":"","jetpack_publicize_message":"","jetpack_publicize_feature_enabled":true,"jetpack_social_post_already_shared":true,"jetpack_social_options":{"image_generator_settings":{"template":"highway","default_image_id":0,"font":"","enabled":false},"version":2}},"categories":[3],"tags":[],"class_list":["post-76297","post","type-post","status-publish","format-standard","has-post-thumbnail","hentry","category-portada"],"jetpack_publicize_connections":[],"jetpack_featured_media_url":"https:\/\/formalprision.com\/wp-content\/uploads\/2020\/01\/IMG_6433.jpg","jetpack_sharing_enabled":true,"jetpack_shortlink":"https:\/\/wp.me\/p6id8p-jQB","_links":{"self":[{"href":"https:\/\/formalprision.com\/index.php?rest_route=\/wp\/v2\/posts\/76297","targetHints":{"allow":["GET"]}}],"collection":[{"href":"https:\/\/formalprision.com\/index.php?rest_route=\/wp\/v2\/posts"}],"about":[{"href":"https:\/\/formalprision.com\/index.php?rest_route=\/wp\/v2\/types\/post"}],"author":[{"embeddable":true,"href":"https:\/\/formalprision.com\/index.php?rest_route=\/wp\/v2\/users\/1"}],"replies":[{"embeddable":true,"href":"https:\/\/formalprision.com\/index.php?rest_route=%2Fwp%2Fv2%2Fcomments&post=76297"}],"version-history":[{"count":0,"href":"https:\/\/formalprision.com\/index.php?rest_route=\/wp\/v2\/posts\/76297\/revisions"}],"wp:featuredmedia":[{"embeddable":true,"href":"https:\/\/formalprision.com\/index.php?rest_route=\/wp\/v2\/media\/76298"}],"wp:attachment":[{"href":"https:\/\/formalprision.com\/index.php?rest_route=%2Fwp%2Fv2%2Fmedia&parent=76297"}],"wp:term":[{"taxonomy":"category","embeddable":true,"href":"https:\/\/formalprision.com\/index.php?rest_route=%2Fwp%2Fv2%2Fcategories&post=76297"},{"taxonomy":"post_tag","embeddable":true,"href":"https:\/\/formalprision.com\/index.php?rest_route=%2Fwp%2Fv2%2Ftags&post=76297"}],"curies":[{"name":"wp","href":"https:\/\/api.w.org\/{rel}","templated":true}]}}