{"id":76301,"date":"2020-01-31T19:39:20","date_gmt":"2020-02-01T00:39:20","guid":{"rendered":"http:\/\/formalprision.com\/?p=76301"},"modified":"2020-01-31T19:39:27","modified_gmt":"2020-02-01T00:39:27","slug":"protestan-contra-el-ayuntamiento-de-merida-por-alza-en-el-predial","status":"publish","type":"post","link":"https:\/\/formalprision.com\/?p=76301","title":{"rendered":"Protestan contra el Ayuntamiento de M\u00e9rida por alza en el predial"},"content":{"rendered":"\n<p>Con el c\u00e1ntico de: \u201cesos son, esos son los que suben el predial\u201d, cientos de meridanos reclamaron al Ayuntamiento que encabeza Ren\u00e1n Barrera Concha, las alzas que este a\u00f1o se registraron en el pago del impuesto a las viviendas durante la, ya tradicional; marcha de la Jornada Nacional de Lucha por un Cambio de Rumbo Pol\u00edtico, convocada por el Frente Amplio Social Unitario (FASU) de este viernes 31.<\/p>\n\n\n\n<p>Esta marcha que se realiza en todo el pa\u00eds desde hace 10 a\u00f1os y desde hace 5 a\u00f1os en M\u00e9rida reuni\u00f3 a gente de diversos sindicatos en su mayor\u00eda y algunos grupos civiles que  en general buscan mejorar las condiciones de la sociedad a  nivel nacional.<\/p>\n\n\n\n<p>Al ayuntamiento le se\u00f1alaron que el alza del impuesto predial subi\u00f3 sin justificaci\u00f3n y no se ve reflejado en muchos lados, ni siquiera en la misma Plaza Grande, donde hay bancas rotas, suciedad  y ratas.<\/p>\n","protected":false},"excerpt":{"rendered":"<p>Con el c\u00e1ntico de: \u201cesos son, esos son los que suben el predial\u201d, cientos de meridanos reclamaron al Ayuntamiento que encabeza Ren\u00e1n Barrera Concha, las alzas que este a\u00f1o se<\/p>\n","protected":false},"author":1,"featured_media":76302,"comment_status":"open","ping_status":"open","sticky":false,"template":"","format":"standard","meta":{"jetpack_post_was_ever_published":false,"_jetpack_newsletter_access":"","_jetpack_dont_email_post_to_subs":false,"_jetpack_newsletter_tier_id":0,"_jetpack_memberships_contains_paywalled_content":false,"_jetpack_memberships_contains_paid_content":false,"footnotes":"","jetpack_publicize_message":"","jetpack_publicize_feature_enabled":true,"jetpack_social_post_already_shared":true,"jetpack_social_options":{"image_generator_settings":{"template":"highway","default_image_id":0,"font":"","enabled":false},"version":2}},"categories":[54],"tags":[],"class_list":["post-76301","post","type-post","status-publish","format-standard","has-post-thumbnail","hentry","category-yucatan"],"jetpack_publicize_connections":[],"jetpack_featured_media_url":"https:\/\/formalprision.com\/wp-content\/uploads\/2020\/01\/2C446163-6FE7-47E8-9A24-B40119F2FF90.jpeg","jetpack_sharing_enabled":true,"jetpack_shortlink":"https:\/\/wp.me\/p6id8p-jQF","_links":{"self":[{"href":"https:\/\/formalprision.com\/index.php?rest_route=\/wp\/v2\/posts\/76301","targetHints":{"allow":["GET"]}}],"collection":[{"href":"https:\/\/formalprision.com\/index.php?rest_route=\/wp\/v2\/posts"}],"about":[{"href":"https:\/\/formalprision.com\/index.php?rest_route=\/wp\/v2\/types\/post"}],"author":[{"embeddable":true,"href":"https:\/\/formalprision.com\/index.php?rest_route=\/wp\/v2\/users\/1"}],"replies":[{"embeddable":true,"href":"https:\/\/formalprision.com\/index.php?rest_route=%2Fwp%2Fv2%2Fcomments&post=76301"}],"version-history":[{"count":0,"href":"https:\/\/formalprision.com\/index.php?rest_route=\/wp\/v2\/posts\/76301\/revisions"}],"wp:featuredmedia":[{"embeddable":true,"href":"https:\/\/formalprision.com\/index.php?rest_route=\/wp\/v2\/media\/76302"}],"wp:attachment":[{"href":"https:\/\/formalprision.com\/index.php?rest_route=%2Fwp%2Fv2%2Fmedia&parent=76301"}],"wp:term":[{"taxonomy":"category","embeddable":true,"href":"https:\/\/formalprision.com\/index.php?rest_route=%2Fwp%2Fv2%2Fcategories&post=76301"},{"taxonomy":"post_tag","embeddable":true,"href":"https:\/\/formalprision.com\/index.php?rest_route=%2Fwp%2Fv2%2Ftags&post=76301"}],"curies":[{"name":"wp","href":"https:\/\/api.w.org\/{rel}","templated":true}]}}