{"id":76304,"date":"2020-02-01T12:19:17","date_gmt":"2020-02-01T17:19:17","guid":{"rendered":"http:\/\/formalprision.com\/?p=76304"},"modified":"2020-02-01T12:19:22","modified_gmt":"2020-02-01T17:19:22","slug":"seguiremos-trabajando-para-que-los-yucatecos-tengan-tarifas-electricas-mas-justas","status":"publish","type":"post","link":"https:\/\/formalprision.com\/?p=76304","title":{"rendered":"Seguiremos trabajando para que los yucatecos tengan tarifas el\u00e9ctricas m\u00e1s justas"},"content":{"rendered":"\n<p>M\u00e9rida, Yucat\u00e1n, a 31 de enero.\u2014 El gobernador Mauricio Vila Dosal reiter\u00f3 que Yucat\u00e1n avanza con paso firme para obtener un mejor suministro de electricidad a un precio m\u00e1s justo y bajo, gracias a la eficaz coordinaci\u00f3n entre las autoridades estatal y federal.<\/p>\n\n\n\n<p>\u201cEn los primeros d\u00edas de esta administraci\u00f3n, me compromet\u00ed a apoyar a las familias y a las empresas yucatecas a gestionar tarifas el\u00e9ctricas m\u00e1s justas y baratas\u201d, record\u00f3 en el marco de la entrega de maquinaria de limpieza de playas en el puerto de Progreso.<\/p>\n\n\n\n<p>Fue precisamente en el acuerdo Alianza por Yucat\u00e1n, en octubre de 2018, cuando el mandatario estatal marc\u00f3 como prioridad gestionar un mejor suministro de electricidad a un precio m\u00e1s justo y bajo. La Alianza por Yucat\u00e1n establece una agenda com\u00fan de empresarios, legisladores federales y diputados locales de distintos partidos.<\/p>\n\n\n\n<p>A partir de ese compromiso, Vila Dosal mantuvo estrecha colaboraci\u00f3n con la titular de la Secretar\u00eda de Energ\u00eda (Sener), Roc\u00edo Nahle Garc\u00eda, y los directores de la Comisi\u00f3n Federal de Electricidad (CFE), Manuel Bartlett D\u00edaz, y del Centro Nacional de Control del Gas Natural (Cenagas), Elvira Daniel Kabbaz Zaga, con quienes se acordaron diversos proyectos que ya se cristalizan en beneficio de las familias y empresarios yucatecas.<\/p>\n\n\n\n<p>Este viernes, inform\u00f3 Vila Dosal, el presidente Andr\u00e9s Manuel L\u00f3pez Obrador puso en marcha el gasoducto que va de la frontera de Chiapas y Tabasco a la Pen\u00ednsula de Yucat\u00e1n, \u201cobra que permitir\u00e1 que nuestro estado mantenga el ritmo de crecimiento, con lo que se generar\u00e1n m\u00e1s empleos y empleos mejor pagados\u201d.<\/p>\n\n\n\n<p>Ma\u00f1ana, junto con el presidente L\u00f3pez Obrador y el director de la CFE Bartlett D\u00edaz daremos inicio a la construcci\u00f3n de la planta M\u00e9rida 4 de generaci\u00f3n de energ\u00eda el\u00e9ctrica, que garantizar\u00e1 un mejor suministro de electricidad a un precio m\u00e1s justo y bajo. Esta obra, sostiene el gobernador Vila Dosal, \u201cofrecer\u00e1 beneficios directos para todos los habitantes del Estado\u201d.<\/p>\n\n\n\n<p>\u201cEstas dos obras son un claro ejemplo del trabajo coordinado que hemos mantenido con la Federaci\u00f3n\u201d, dice el Gobernador. \u201cLos yucatecos pueden estar seguros que trabajaremos sin cansancio, hombro a hombro con ellos y con las autoridades de todos los \u00f3rdenes de gobierno para crear las condiciones que les permitan mejorar su calidad de vida\u201d.<\/p>\n\n\n\n<p>La planta M\u00e9rida 4 ser\u00e1 de ciclo combinado: podr\u00e1 funcionar con gas natural y di\u00e9sel y su primera fase entrar\u00e1 en operaci\u00f3n durante el verano del 2021, ofreciendo 500 megawatts (MW) de capacidad. El plan contempla una ampliaci\u00f3n de su capacidad hasta los 1,000 MW adicionales dentro de un periodo de 3 a\u00f1os.<\/p>\n\n\n\n<p>Vila Dosal explica que en esta central el\u00e9ctrica se contempla una inversi\u00f3n de 2 mil millones de pesos. Cuando est\u00e9 operando a toda su capacidad, incluyendo su ampliaci\u00f3n, producir\u00e1 1,000 MW que se sumar\u00e1n a los 906 MW ofrecidos actualmente. \u201cTodo esto permitir\u00e1 una reducci\u00f3n en el precio de las tarifas\u201d, asegura.<\/p>\n\n\n\n<p>La autosuficiencia energ\u00e9tica igual se consolida con la generaci\u00f3n de energ\u00eda renovable. Seg\u00fan el Inventario Nacional de Energ\u00edas Limpias (INEL) registraba que, en 2018, en Yucat\u00e1n s\u00f3lo se estaban generando 15 gigawatts de energ\u00eda limpia al a\u00f1o. Un a\u00f1o despu\u00e9s, Yucat\u00e1n pas\u00f3 a 695 gigawatts, lo que quiere decir 44 veces m\u00e1s de lo que se estaba.<\/p>\n","protected":false},"excerpt":{"rendered":"<p>M\u00e9rida, Yucat\u00e1n, a 31 de enero.\u2014 El gobernador Mauricio Vila Dosal reiter\u00f3 que Yucat\u00e1n avanza con paso firme para obtener un mejor suministro de electricidad a un precio m\u00e1s justo<\/p>\n","protected":false},"author":1,"featured_media":76305,"comment_status":"open","ping_status":"open","sticky":false,"template":"","format":"standard","meta":{"jetpack_post_was_ever_published":false,"_jetpack_newsletter_access":"","_jetpack_dont_email_post_to_subs":false,"_jetpack_newsletter_tier_id":0,"_jetpack_memberships_contains_paywalled_content":false,"_jetpack_memberships_contains_paid_content":false,"footnotes":"","jetpack_publicize_message":"","jetpack_publicize_feature_enabled":true,"jetpack_social_post_already_shared":true,"jetpack_social_options":{"image_generator_settings":{"template":"highway","default_image_id":0,"font":"","enabled":false},"version":2}},"categories":[14],"tags":[],"class_list":["post-76304","post","type-post","status-publish","format-standard","has-post-thumbnail","hentry","category-merida"],"jetpack_publicize_connections":[],"jetpack_featured_media_url":"https:\/\/formalprision.com\/wp-content\/uploads\/2020\/02\/IMG_6438.jpg","jetpack_sharing_enabled":true,"jetpack_shortlink":"https:\/\/wp.me\/p6id8p-jQI","_links":{"self":[{"href":"https:\/\/formalprision.com\/index.php?rest_route=\/wp\/v2\/posts\/76304","targetHints":{"allow":["GET"]}}],"collection":[{"href":"https:\/\/formalprision.com\/index.php?rest_route=\/wp\/v2\/posts"}],"about":[{"href":"https:\/\/formalprision.com\/index.php?rest_route=\/wp\/v2\/types\/post"}],"author":[{"embeddable":true,"href":"https:\/\/formalprision.com\/index.php?rest_route=\/wp\/v2\/users\/1"}],"replies":[{"embeddable":true,"href":"https:\/\/formalprision.com\/index.php?rest_route=%2Fwp%2Fv2%2Fcomments&post=76304"}],"version-history":[{"count":0,"href":"https:\/\/formalprision.com\/index.php?rest_route=\/wp\/v2\/posts\/76304\/revisions"}],"wp:featuredmedia":[{"embeddable":true,"href":"https:\/\/formalprision.com\/index.php?rest_route=\/wp\/v2\/media\/76305"}],"wp:attachment":[{"href":"https:\/\/formalprision.com\/index.php?rest_route=%2Fwp%2Fv2%2Fmedia&parent=76304"}],"wp:term":[{"taxonomy":"category","embeddable":true,"href":"https:\/\/formalprision.com\/index.php?rest_route=%2Fwp%2Fv2%2Fcategories&post=76304"},{"taxonomy":"post_tag","embeddable":true,"href":"https:\/\/formalprision.com\/index.php?rest_route=%2Fwp%2Fv2%2Ftags&post=76304"}],"curies":[{"name":"wp","href":"https:\/\/api.w.org\/{rel}","templated":true}]}}