{"id":76307,"date":"2020-02-01T12:26:50","date_gmt":"2020-02-01T17:26:50","guid":{"rendered":"http:\/\/formalprision.com\/?p=76307"},"modified":"2020-02-01T12:26:56","modified_gmt":"2020-02-01T17:26:56","slug":"mauricio-vila-entrega-maquina-sargacera-para-progreso","status":"publish","type":"post","link":"https:\/\/formalprision.com\/?p=76307","title":{"rendered":"Mauricio Vila entrega m\u00e1quina sargacera para Progreso"},"content":{"rendered":"\n<p>Progreso, Yucat\u00e1n, 31 de enero de 2020.- Para continuar impulsando a Progreso como un lugar atractivo e ideal para sus habitantes, los yucatecos y quienes lo visitan, el gobernador Mauricio Vila Dosal entreg\u00f3 a este municipio una m\u00e1quina sargacera para la limpieza de playas, la cual se suma a los esfuerzos realizados para mejorar la imagen de este destino de la costa yucateca.<\/p>\n\n\n\n<p>En visita a este puerto, entreg\u00f3 al Ayuntamiento progrese\u00f1o este moderno equipo que permitir\u00e1 mantener la zona de playa de este municipio limpia y m\u00e1s segura, de manera que ofrezca a su gente, a los yucatecos, as\u00ed como a turistas nacionales y extranjeros un mejor rostro y una experiencia m\u00e1s agradable.<\/p>\n\n\n\n<p>En su mensaje, destac\u00f3 el trabajo conjunto que el Gobierno del Estado est\u00e1 realizando junto con el Ayuntamiento de Progreso y la Federaci\u00f3n para transformar este municipio en un espacio digno tanto para los yucatecos como para quienes visitan este punto de la costa del estado.<\/p>\n\n\n\n<p>En ese sentido, resalt\u00f3 los importantes esfuerzos que realiza el alcalde progrese\u00f1o, Juli\u00e1n Zacar\u00edas Curi, para mejorar este municipio, \u201ccontinuemos con ese \u00edmpetu, con ese dinamismo y vamos a seguir trabajando de la mano para tener un mejor Progreso y un mejor Yucat\u00e1n\u201d.<\/p>\n\n\n\n<p>Como muestra del trabajo conjunto que se est\u00e1 realizando en este municipio,  anunci\u00f3 que, en los pr\u00f3ximos d\u00edas, el Gobierno del Estado y el Ayuntamiento de Progreso, pondr\u00e1n en marcha la repavimentaci\u00f3n de 12 kil\u00f3metros de calles, dentro de un esquema donde las autoridades locales dan el material y la administraci\u00f3n estatal pone la maquinaria, la mano de obra y la supervisi\u00f3n.<\/p>\n\n\n\n<p>Al hacer un recuento de las acciones realizadas para detonar las capacidades de este municipio,  record\u00f3 que meses atr\u00e1s se entreg\u00f3  5 camiones recolectores, 6 motocicletas el\u00e9ctricas recolectoras y 53 contenedores, parque vehicular que, con una inversi\u00f3n de 13 millones de pesos, contribuir\u00e1 a mejorar la calidad de este servicio en beneficio de los vecinos de Peogreso, pero tambi\u00e9n a ofrecer un rostro m\u00e1s ordenado y con calles m\u00e1s limpias.<\/p>\n\n\n\n<p>De igual manera, indic\u00f3 que en breve se estar\u00e1n entregando los trabajos de rehabilitaci\u00f3n de la calle 80, obra que tambi\u00e9n contempla la remodelaci\u00f3n de la casa de la cultura y de un tramo del Malec\u00f3n.<\/p>\n\n\n\n<p>\u201cAs\u00ed es como trabajamos con los ayuntamientos, siempre de la mano y es como lo vamos a seguir haciendo aqu\u00ed\u201d, asever\u00f3 Vila Dosal.<\/p>\n\n\n\n<p>En su intervenci\u00f3n, el alcalde anfitri\u00f3n, Juli\u00e1n Zacar\u00edas Curi, agradeci\u00f3 este apoyo por parte del gobierno de Vila Dosal, as\u00ed como el trabajo con cari\u00f1o, orden y disciplina que siempre ha realizado en favor de los progrese\u00f1os.<\/p>\n\n\n\n<p>\u201cLo que hoy recibimos es para nosotros un sue\u00f1o que ahora es una realidad\u201d, afirm\u00f3 Zacar\u00edas Curi, al tiempo que indic\u00f3 que en los pr\u00f3ximos la Fundaci\u00f3n Europea de Educaci\u00f3n Ambiental (FEE, por sus siglas en ingl\u00e9s) emitir\u00e1 los resultados para saber si Progreso es candidato a recibir la certificaci\u00f3n de su playa.<\/p>\n\n\n\n<p>Al respecto, la titular de la Secretar\u00eda de Desarrollo Sustentable, Sayda Rodr\u00edguez G\u00f3mez, se\u00f1al\u00f3 que con esta entrega el puerto Progreso se acerca a contar con el distintivo Blue Flag, reconocimiento entregado por la FEE a las playas que cumplen criterios establecidos de calidad, seguridad, educaci\u00f3n e informaci\u00f3n ambiental.<\/p>\n\n\n\n<p>Asimismo, la funcionaria estatal se\u00f1al\u00f3 que esta nueva maquinaria adem\u00e1s de ayudar a garantizar playas libres de residuos s\u00f3lidos, tambi\u00e9n contribuir\u00e1 al control de la acumulaci\u00f3n de algas marinas, con lo que se favorecer\u00e1 la existencia de m\u00e1s actividades recreativas.<\/p>\n\n\n\n<p>Por \u00faltimo, se\u00f1al\u00f3 que el personal que estar\u00e1 operando este nuevo equipo recibir\u00e1 la capacitaci\u00f3n, con el fin de que esta labor se realice bajo los est\u00e1ndares de seguridad para los ba\u00f1istas y los pobladores, as\u00ed como con efectividad.<\/p>\n\n\n\n<p>La maquinaria entregada este d\u00eda est\u00e1 conformada por un tractor de arrastre que mueve una barredora con un anillo din\u00e1mico que barre la superficie y retira tanto algas marinas, como residuos s\u00f3lidos, incluso aquellos que son tan peque\u00f1os que durante las actividades de limpieza comunes no son completamente removidas como colillas de cigarros, tapitas y pl\u00e1sticos peque\u00f1os.<\/p>\n\n\n\n<p>Este nuevo equipo tiene la capacidad de barrer hasta 3 hect\u00e1reas por hora y cuenta con un ancho de limpieza de 2.1 metros, lo que ayudar\u00e1 significativamente a la labor que personal de servicios p\u00fablicos del municipio de Progreso realizan todos los d\u00edas para ofrecer playas m\u00e1s limpias.<\/p>\n\n\n\n<p>En ese marco, el gobernador constat\u00f3 el m\u00f3dulo de playa inclusiva ubicado en el malec\u00f3n de Progreso y atestigu\u00f3 la entrega de una ambulancia al municipio, misma que fue donada por el empresario Rodrigo Rosas Cantillo.<\/p>\n\n\n\n<p>Acompa\u00f1aron al gobernador en el acto, el dirigente del Consejo Coordinador Empresarial (CCE), Ra\u00fal Aguilar Baqueiro, el Comandante de la IX Zona Naval, vicealmirante Carlos Humberto Lanz Guti\u00e9rrez y el secretario de Obras P\u00fablicas (SOP), Virgilio Crespo M\u00e9ndez.<\/p>\n","protected":false},"excerpt":{"rendered":"<p>Progreso, Yucat\u00e1n, 31 de enero de 2020.- Para continuar impulsando a Progreso como un lugar atractivo e ideal para sus habitantes, los yucatecos y quienes lo visitan, el gobernador Mauricio<\/p>\n","protected":false},"author":1,"featured_media":76308,"comment_status":"open","ping_status":"open","sticky":false,"template":"","format":"standard","meta":{"jetpack_post_was_ever_published":false,"_jetpack_newsletter_access":"","_jetpack_dont_email_post_to_subs":false,"_jetpack_newsletter_tier_id":0,"_jetpack_memberships_contains_paywalled_content":false,"_jetpack_memberships_contains_paid_content":false,"footnotes":"","jetpack_publicize_message":"","jetpack_publicize_feature_enabled":true,"jetpack_social_post_already_shared":true,"jetpack_social_options":{"image_generator_settings":{"template":"highway","default_image_id":0,"font":"","enabled":false},"version":2}},"categories":[17],"tags":[],"class_list":["post-76307","post","type-post","status-publish","format-standard","has-post-thumbnail","hentry","category-politica-y-gobierno"],"jetpack_publicize_connections":[],"jetpack_featured_media_url":"https:\/\/formalprision.com\/wp-content\/uploads\/2020\/02\/IMG_6440.jpg","jetpack_sharing_enabled":true,"jetpack_shortlink":"https:\/\/wp.me\/p6id8p-jQL","_links":{"self":[{"href":"https:\/\/formalprision.com\/index.php?rest_route=\/wp\/v2\/posts\/76307","targetHints":{"allow":["GET"]}}],"collection":[{"href":"https:\/\/formalprision.com\/index.php?rest_route=\/wp\/v2\/posts"}],"about":[{"href":"https:\/\/formalprision.com\/index.php?rest_route=\/wp\/v2\/types\/post"}],"author":[{"embeddable":true,"href":"https:\/\/formalprision.com\/index.php?rest_route=\/wp\/v2\/users\/1"}],"replies":[{"embeddable":true,"href":"https:\/\/formalprision.com\/index.php?rest_route=%2Fwp%2Fv2%2Fcomments&post=76307"}],"version-history":[{"count":0,"href":"https:\/\/formalprision.com\/index.php?rest_route=\/wp\/v2\/posts\/76307\/revisions"}],"wp:featuredmedia":[{"embeddable":true,"href":"https:\/\/formalprision.com\/index.php?rest_route=\/wp\/v2\/media\/76308"}],"wp:attachment":[{"href":"https:\/\/formalprision.com\/index.php?rest_route=%2Fwp%2Fv2%2Fmedia&parent=76307"}],"wp:term":[{"taxonomy":"category","embeddable":true,"href":"https:\/\/formalprision.com\/index.php?rest_route=%2Fwp%2Fv2%2Fcategories&post=76307"},{"taxonomy":"post_tag","embeddable":true,"href":"https:\/\/formalprision.com\/index.php?rest_route=%2Fwp%2Fv2%2Ftags&post=76307"}],"curies":[{"name":"wp","href":"https:\/\/api.w.org\/{rel}","templated":true}]}}