{"id":76313,"date":"2020-02-01T18:57:03","date_gmt":"2020-02-01T23:57:03","guid":{"rendered":"http:\/\/formalprision.com\/?p=76313"},"modified":"2020-02-01T18:57:10","modified_gmt":"2020-02-01T23:57:10","slug":"ejemplar-la-labor-del-gobierno-de-yucatan-en-seguridad-presodencia","status":"publish","type":"post","link":"https:\/\/formalprision.com\/?p=76313","title":{"rendered":"Ejemplar la labor del Gobierno de Yucat\u00e1n en  seguridad: Presodencia"},"content":{"rendered":"\n<p>M\u00e9rida, Yucat\u00e1n, 1 de febrero de 2020.- El Gobierno de la Rep\u00fablica reconoci\u00f3 las acciones y el trabajo permanentes de la administraci\u00f3n que encabeza Mauricio Vila Dosal, en coordinaci\u00f3n con autoridades civiles, militares y sociedad en general, para mantener a Yucat\u00e1n como el estado m\u00e1s seguro de M\u00e9xico.<\/p>\n\n\n\n<p>Durante la sesi\u00f3n diaria de la Mesa Estatal para la Construcci\u00f3n de la Paz, que presidi\u00f3 la titular de la Secretar\u00eda General de Gobierno (SGG), Mar\u00eda Fritz Sierra, el subsecretario de Planeaci\u00f3n, Prevenci\u00f3n, Protecci\u00f3n Civil y Construcci\u00f3n de Paz de la Presidencia, Alejandro Robledo Carretero, resalt\u00f3 esa uni\u00f3n de esfuerzos y gran compromiso.<\/p>\n\n\n\n<p>\u201cYucat\u00e1n es un ejemplo a seguir en el pa\u00eds, por los resultados concretos y efectivos en materia de seguridad p\u00fablica\u201d, expres\u00f3 el funcionario tras conocer otras de las estrategias con las que cuenta la entidad en la materia: el Grupo de Trabajo Multidisciplinario de Justicia, cuerpo que ya rinde buenos frutos.<\/p>\n\n\n\n<p>La titular de SGG comparti\u00f3 que este organismo colegiado, que impulsa el mandatario estatal, es \u00fanico en su tipo a nivel nacional, ya que incorpora los elementos de seguridad y justicia, por lo que existe una coordinaci\u00f3n entre la administraci\u00f3n estatal y otros \u00f3rdenes de Gobierno, que operan el nuevo Sistema de Justicia Penal Acusatorio y Oral.<\/p>\n\n\n\n<p>\u201cEste Grupo de Trabajo Multidisciplinario de Justicia se re\u00fane una vez a la semana, con el fin de conocer hechos registrados, avances y seguimientos, a los casos de las personas que infringen la ley para lograr los fines de la justicia y el combate a la impunidad\u201d, subray\u00f3.<\/p>\n\n\n\n<p>Acompa\u00f1ada de los titulares de la Secretar\u00eda de Seguridad P\u00fablica (SSP), Luis Felipe Said\u00e9n Ojeda, y la Fiscal\u00eda General del Estado (FGE), Wilbert Antonio Cetina Arjona, Fritz Sierra dijo que la delincuencia es incesante y no se detiene; de ah\u00ed la importancia de que los organismos del ramo siempre est\u00e9n un paso adelante, para garantizar la protecci\u00f3n de la ciudadan\u00eda y sus bienes.<\/p>\n\n\n\n<p>La responsable de la seguridad interna en la entidad record\u00f3 que la Mesa Estatal se instal\u00f3 en Yucat\u00e1n el 7 de diciembre de 2018, ha tenido 283 reuniones y logrado un total de 71 acuerdos; lo que ha contribuido a fortalecer la seguridad y lograr la tranquilidad de las y los habitantes del territorio.<\/p>\n\n\n\n<p>A trav\u00e9s de esas reuniones, que se enmarcan en la estrategia de Construcci\u00f3n de la Paz que impulsa el Ejecutivo federal, los diversos cuerpos policiacos de los tres niveles de Gobierno comparten informaci\u00f3n actualizada mediante reportes diarios, a fin de detectar generadores de violencia y lanzar estrategias pertinentes de combate a la delincuencia.<\/p>\n\n\n\n<p>En ese sentido, Robledo Carretero destac\u00f3 la labor ininterrumpida de dichas sesiones de trabajo, que se derivan en una estrecha coordinaci\u00f3n entre las fuerzas del orden p\u00fablico, garantes de paz y tranquilidad en el estado; adem\u00e1s, recalc\u00f3 que es inter\u00e9s de la Federaci\u00f3n que estas acciones se mantengan.<\/p>\n\n\n\n<p>\u00abEs encargo del secretario de Seguridad y Protecci\u00f3n Ciudadana, Alfonso Durazo, que se mantengan dichas mesas como ejes operativos en todo el pa\u00eds\u00bb, subray\u00f3 el representante del Gobierno federal en su intervenci\u00f3n ante representantes de las fuerzas armadas y las corporaciones de seguridad p\u00fablica.<\/p>\n\n\n\n<p>Con las Mesas, las administraciones estatales, mediante sus dependencias, organismos e instituciones relacionadas con la seguridad, deben trabajar en una efectiva coordinaci\u00f3n para desplegar acciones y no s\u00f3lo convertirse en espacios de difusi\u00f3n o promoci\u00f3n de estad\u00edsticas, subray\u00f3 Robledo Carretero.<\/p>\n\n\n\n<p>En ese encuentro de trabajo, estuvo tambi\u00e9n presente el director General de la Zona Sur de la Unidad de Pol\u00edticas y Estrategias para la Construcci\u00f3n de la Paz con Entidades Federativas y Regiones de la Secretar\u00eda de Seguridad y Protecci\u00f3n Ciudadana, Abraham Alan\u00eds Cardoso.<\/p>\n\n\n\n<p>Participan representantes de las Secretar\u00edas de la Defensa Nacional (Sedena) y Armada de M\u00e9xico, la Guardia Nacional, la Fiscal\u00eda General de la Rep\u00fablica, FGE, SSP, la Subsecretaria de Prevenci\u00f3n y Reinserci\u00f3n Social de la SGG y la Polic\u00eda Municipal, entre otras.<\/p>\n","protected":false},"excerpt":{"rendered":"<p>M\u00e9rida, Yucat\u00e1n, 1 de febrero de 2020.- El Gobierno de la Rep\u00fablica reconoci\u00f3 las acciones y el trabajo permanentes de la administraci\u00f3n que encabeza Mauricio Vila Dosal, en coordinaci\u00f3n con<\/p>\n","protected":false},"author":1,"featured_media":76314,"comment_status":"open","ping_status":"open","sticky":false,"template":"","format":"standard","meta":{"jetpack_post_was_ever_published":false,"_jetpack_newsletter_access":"","_jetpack_dont_email_post_to_subs":false,"_jetpack_newsletter_tier_id":0,"_jetpack_memberships_contains_paywalled_content":false,"_jetpack_memberships_contains_paid_content":false,"footnotes":"","jetpack_publicize_message":"","jetpack_publicize_feature_enabled":true,"jetpack_social_post_already_shared":true,"jetpack_social_options":{"image_generator_settings":{"template":"highway","default_image_id":0,"font":"","enabled":false},"version":2}},"categories":[17],"tags":[],"class_list":["post-76313","post","type-post","status-publish","format-standard","has-post-thumbnail","hentry","category-politica-y-gobierno"],"jetpack_publicize_connections":[],"jetpack_featured_media_url":"https:\/\/formalprision.com\/wp-content\/uploads\/2020\/02\/IMG_6442.jpg","jetpack_sharing_enabled":true,"jetpack_shortlink":"https:\/\/wp.me\/p6id8p-jQR","_links":{"self":[{"href":"https:\/\/formalprision.com\/index.php?rest_route=\/wp\/v2\/posts\/76313","targetHints":{"allow":["GET"]}}],"collection":[{"href":"https:\/\/formalprision.com\/index.php?rest_route=\/wp\/v2\/posts"}],"about":[{"href":"https:\/\/formalprision.com\/index.php?rest_route=\/wp\/v2\/types\/post"}],"author":[{"embeddable":true,"href":"https:\/\/formalprision.com\/index.php?rest_route=\/wp\/v2\/users\/1"}],"replies":[{"embeddable":true,"href":"https:\/\/formalprision.com\/index.php?rest_route=%2Fwp%2Fv2%2Fcomments&post=76313"}],"version-history":[{"count":0,"href":"https:\/\/formalprision.com\/index.php?rest_route=\/wp\/v2\/posts\/76313\/revisions"}],"wp:featuredmedia":[{"embeddable":true,"href":"https:\/\/formalprision.com\/index.php?rest_route=\/wp\/v2\/media\/76314"}],"wp:attachment":[{"href":"https:\/\/formalprision.com\/index.php?rest_route=%2Fwp%2Fv2%2Fmedia&parent=76313"}],"wp:term":[{"taxonomy":"category","embeddable":true,"href":"https:\/\/formalprision.com\/index.php?rest_route=%2Fwp%2Fv2%2Fcategories&post=76313"},{"taxonomy":"post_tag","embeddable":true,"href":"https:\/\/formalprision.com\/index.php?rest_route=%2Fwp%2Fv2%2Ftags&post=76313"}],"curies":[{"name":"wp","href":"https:\/\/api.w.org\/{rel}","templated":true}]}}