{"id":76316,"date":"2020-02-01T19:11:14","date_gmt":"2020-02-02T00:11:14","guid":{"rendered":"http:\/\/formalprision.com\/?p=76316"},"modified":"2020-02-01T19:11:19","modified_gmt":"2020-02-02T00:11:19","slug":"arranca-en-celestun-la-segunda-edicion-del-festival-de-la-veda","status":"publish","type":"post","link":"https:\/\/formalprision.com\/?p=76316","title":{"rendered":"Arranca en Celest\u00fan la segunda edici\u00f3n del Festival de la Veda"},"content":{"rendered":"\n<p>Celest\u00fan, Yucat\u00e1n, 1 de febrero de 2020.- Con una amplia gama de actividades culturales, tur\u00edsticas, deportivas, experiencias gastron\u00f3micas y actividades sustentables que reactivan la econom\u00eda de 15 puntos costeros de 10 municipios del estado, a trav\u00e9s del fomento tur\u00edstico, inicia el Festival de la Veda 2020 en el puerto de Celest\u00fan.<\/p>\n\n\n\n<p>A lo largo de los dos meses que dura la veda del mero, del 1 de febrero al 31 de marzo, el Festival de la Veda 2020 cada fin de semana llevar\u00e1 a diferentes puertos de Yucat\u00e1n, una variedad de atractivos eventos que fomentan la econom\u00eda de los pobladores a trav\u00e9s de la promoci\u00f3n tur\u00edstica, creando trabajos adicionales para los pescadores como prestadores de servicios tur\u00edsticos durante la temporada en la que no pueden salir a pescar mero y obtener un ingreso econ\u00f3mico extra.<\/p>\n\n\n\n<p>En los bajos del Palacio Municipal de Celest\u00fan, se llev\u00f3 a cabo la inauguraci\u00f3n de la segunda edici\u00f3n del Festival de la Veda engalanada por la banda de marcha Muuk Balam, donde posteriormente se realiz\u00f3 el corte de list\u00f3n inaugural que marca el inicio de la segunda edici\u00f3n del exitoso festival, por lo que propios y visitantes disfrutaron de las bondades de Celest\u00fan donde desde temprana hora participaron en una jornada de limpieza de la playa, as\u00ed como disfrutaron de una gran fiesta a cargo de la banda de marcha Muuk Balam en la que los habitantes de ese puerto aprovecharon para bailar y convivir en familia.<\/p>\n\n\n\n<p>Tambi\u00e9n en la misma plaza municipal, cocineras ofrecieron diversos platillos, as\u00ed como prestadores del servicio tur\u00edstico aprovecharon la oportunidad de ofertar diversos recorridos por salineras de Celest\u00fan, en un tipo de turismo sustentable que adem\u00e1s de ofrecer al visitante una experiencia inolvidable, promueve el cuidado de los tesoros naturales que posee Yucat\u00e1n.<\/p>\n\n\n\n<p>Al tomar la palabra en representaci\u00f3n del gobernador del Estado, Mauricio Vila Dosal, el Secretario de Pesca y Acuacultura Sustentable de Yucat\u00e1n (SEPASY), Rafael Combaluzier Medina, record\u00f3 que el Festival de la Veda naci\u00f3 por la petici\u00f3n del mandatario estatal de crear un programa para celebrar y no lamentar la temporada en la que est\u00e1 prohibida la pesca del mero, \u201cCon lo que los puertos del estado son promovidos tanto a nivel estatal como nacional, invitando a los turistas a visitar las bellas playas, realizar recorridos tur\u00edsticos y disfrutar de la exquisita gastronom\u00eda marina\u201d, se\u00f1al\u00f3 Combaluzier Medina.<\/p>\n\n\n\n<p>Asimismo, destac\u00f3 que el Festival de la Veda es una estrategia reconocida por el Programa de las Naciones Unidas para el Desarrollo (PNUD), como la iniciativa ganadora de la categor\u00eda Planeta del Premio \u201cTransformando M\u00e9xico desde lo Local\u201d por su incidencia para el logro de la Agenda 2030, compitiendo con m\u00e1s de 700 proyectos.<\/p>\n\n\n\n<p>Se\u00f1al\u00f3 que, en su primera edici\u00f3n, los prestadores de servicios, cooperativas y artesanos de puertos de Yucat\u00e1n registraron un aumento de hasta el 70 por ciento en ventas, en dos de los meses m\u00e1s dif\u00edciles del a\u00f1o para estos sectores debido a la veda y poca promoci\u00f3n tur\u00edstica: febrero y marzo. Panorama que cambi\u00f3 con este nuevo esquema y tambi\u00e9n ha logrado el incremento en el n\u00famero de visitantes con pernocta, pues los hoteles registraron una ocupaci\u00f3n de un 60%.<\/p>\n\n\n\n<p>Por su parte, la alcaldesa de Celest\u00fan, Yulma Garc\u00eda Casanova, celebr\u00f3 la permanencia de este programa que el a\u00f1o pasado benefici\u00f3 al puerto con un incremento en la adq<\/p>\n\n\n\n<p>uisici\u00f3n de servicios de turismo, as\u00ed como en la ocupaci\u00f3n hotelera.<\/p>\n\n\n\n<p>\u201cEs importante tomar consciencia sobre la importancia de establecer la veda del mero y sus variedades, con esto se busca reducir el impacto que se ha tenido en los \u00faltimos a\u00f1os sobre la especie, es por eso que coordinados lograremos que este programa se lleve con \u00e9xito este a\u00f1o\u201d, indic\u00f3 la presidenta municipal de Celest\u00fan.<\/p>\n\n\n\n<p>Con el \u00e9xito logrado en la primera edici\u00f3n de este festival, la direcci\u00f3n del Instituto Promotor de Ferias de Yucat\u00e1n (IPFY), inform\u00f3 que, para cada fin de semana del 1 de febrero al 31 de marzo de este a\u00f1o, se han programado diferentes actividades para visitantes que quieran disfrutar de la costa tales como limpieza de dunas costeras, playas y manglares, bazares artesanales, muestra gastron\u00f3mica del estado, as\u00ed como opciones para el ecoturismo.<\/p>\n\n\n\n<p>Una de las novedades de esta edici\u00f3n, es que se realizar\u00e1n festivales simult\u00e1neos en dos o m\u00e1s puertos de Yucat\u00e1n, adem\u00e1s de competencias deportivas tanto recreativas como profesionales en los que destacan Oceanman 2020 en pr\u00f3ximo 22 de marzo en el que se tiene confirmada la asistencia de 800 personas, y la exhibici\u00f3n del World P\u00e1del Tour con la participaci\u00f3n de las 19 mejores parejas de esta disciplina a nivel mundial.<\/p>\n\n\n\n<p>De igual forma, diferentes dependencias de Gobierno participar\u00e1n como la Secretar\u00eda de Cultura y las Artes (SEDECULTA) con la participaci\u00f3n de la Orquesta Jaranera del Mayab, del Coro C\u00e1mara de Yucat\u00e1n y del Tr\u00edo Trovadores de Yucat\u00e1n; as\u00ed como el Instituto del Deporte de Yucat\u00e1n (IDEY) con la firma de aut\u00f3grafos de integrantes del equipo de f\u00fatbol Venados de Yucat\u00e1n en Chelem el pr\u00f3ximo 8 de febrero, as\u00ed como tambi\u00e9n actividades recreativas para personas con discapacidad, logrando as\u00ed, que todos disfruten de la fiesta que el Festival de la Veda crea en la costa de Yucat\u00e1n.<\/p>\n\n\n\n<p>Las actividades continuar\u00e1n los pr\u00f3ximos fines de semana 8 y 9 de febrero en Chelem, Chuburn\u00e1 y Progreso; el 15 y 16 en San Crisanto; el 29 de febrero y 1 de marzo en Chabihau, Dzilam de Bravo y Santa Clara; el 7 y 8 de marzo en Chicxulub y Telchac; el 14 y 15 de marzo en San Felipe, R\u00edo Lagartos y Las Coloradas; el 21 y 22 del mismo mes en Sisal; para cerrar el 28 y 29 de marzo en El Cuyo.<\/p>\n\n\n\n<p>Al evento asistieron la alcaldesa de Celest\u00fan, Yulma Garc\u00eda Casanova; la Directora General del Instituto Promotor de Ferias de Yucat\u00e1n, Abril Ferreyro Rosado y el Secretario de Pesca y Acuacultura Sustentable de Yucat\u00e1n (SEPASY), Rafael Combaluzier Medina<\/p>\n","protected":false},"excerpt":{"rendered":"<p>Celest\u00fan, Yucat\u00e1n, 1 de febrero de 2020.- Con una amplia gama de actividades culturales, tur\u00edsticas, deportivas, experiencias gastron\u00f3micas y actividades sustentables que reactivan la econom\u00eda de 15 puntos costeros de<\/p>\n","protected":false},"author":1,"featured_media":76317,"comment_status":"open","ping_status":"open","sticky":false,"template":"","format":"standard","meta":{"jetpack_post_was_ever_published":false,"_jetpack_newsletter_access":"","_jetpack_dont_email_post_to_subs":false,"_jetpack_newsletter_tier_id":0,"_jetpack_memberships_contains_paywalled_content":false,"_jetpack_memberships_contains_paid_content":false,"footnotes":"","jetpack_publicize_message":"","jetpack_publicize_feature_enabled":true,"jetpack_social_post_already_shared":true,"jetpack_social_options":{"image_generator_settings":{"template":"highway","default_image_id":0,"font":"","enabled":false},"version":2}},"categories":[17],"tags":[],"class_list":["post-76316","post","type-post","status-publish","format-standard","has-post-thumbnail","hentry","category-politica-y-gobierno"],"jetpack_publicize_connections":[],"jetpack_featured_media_url":"https:\/\/formalprision.com\/wp-content\/uploads\/2020\/02\/IMG_6443.jpg","jetpack_sharing_enabled":true,"jetpack_shortlink":"https:\/\/wp.me\/p6id8p-jQU","_links":{"self":[{"href":"https:\/\/formalprision.com\/index.php?rest_route=\/wp\/v2\/posts\/76316","targetHints":{"allow":["GET"]}}],"collection":[{"href":"https:\/\/formalprision.com\/index.php?rest_route=\/wp\/v2\/posts"}],"about":[{"href":"https:\/\/formalprision.com\/index.php?rest_route=\/wp\/v2\/types\/post"}],"author":[{"embeddable":true,"href":"https:\/\/formalprision.com\/index.php?rest_route=\/wp\/v2\/users\/1"}],"replies":[{"embeddable":true,"href":"https:\/\/formalprision.com\/index.php?rest_route=%2Fwp%2Fv2%2Fcomments&post=76316"}],"version-history":[{"count":0,"href":"https:\/\/formalprision.com\/index.php?rest_route=\/wp\/v2\/posts\/76316\/revisions"}],"wp:featuredmedia":[{"embeddable":true,"href":"https:\/\/formalprision.com\/index.php?rest_route=\/wp\/v2\/media\/76317"}],"wp:attachment":[{"href":"https:\/\/formalprision.com\/index.php?rest_route=%2Fwp%2Fv2%2Fmedia&parent=76316"}],"wp:term":[{"taxonomy":"category","embeddable":true,"href":"https:\/\/formalprision.com\/index.php?rest_route=%2Fwp%2Fv2%2Fcategories&post=76316"},{"taxonomy":"post_tag","embeddable":true,"href":"https:\/\/formalprision.com\/index.php?rest_route=%2Fwp%2Fv2%2Ftags&post=76316"}],"curies":[{"name":"wp","href":"https:\/\/api.w.org\/{rel}","templated":true}]}}