{"id":76319,"date":"2020-02-01T20:20:51","date_gmt":"2020-02-02T01:20:51","guid":{"rendered":"http:\/\/formalprision.com\/?p=76319"},"modified":"2020-02-01T20:20:56","modified_gmt":"2020-02-02T01:20:56","slug":"reconoce-amlo-gestiones-de-vila-dosal-a-favor-de-abasto-energetico","status":"publish","type":"post","link":"https:\/\/formalprision.com\/?p=76319","title":{"rendered":"Reconoce AMLO gestiones de Vila Dosal a favor de abasto energ\u00e9tico"},"content":{"rendered":"\n<p>El presidente Andr\u00e9s Manuel L\u00f3pez Obrador resalt\u00f3 la persistencia del gobernador Mauricio Vila Dosal, que desde su primera reuni\u00f3n plante\u00f3 la necesidad de mejorar el suministro el\u00e9ctrico y que llegue el gas natural, \u201ceso es algo que es digno de reconocerse\u201d.<\/p>\n\n\n\n<p>Esta tarde el presidente puso en marcha el Programa Integral de Energ\u00eda en Yucat\u00e1n, que incluye la construcci\u00f3n de la Central Ciclo Combinado M\u00e9rida y Gasoducto Cuxtal Fase II.<\/p>\n\n\n\n<p>El evento ser realiz\u00f3 en Central Termoel\u00e9ctrica M\u00e9rida II, en la Carretera M\u00e9rida-Uman.<\/p>\n\n\n\n<p>En su mensaje el gobernador Vila Dosal elogi\u00f3 el uso de gas natural para la generaci\u00f3n de energ\u00eda en la Pen\u00ednsula, lo cual consider\u00f3 es un gran avance.<\/p>\n","protected":false},"excerpt":{"rendered":"<p>El presidente Andr\u00e9s Manuel L\u00f3pez Obrador resalt\u00f3 la persistencia del gobernador Mauricio Vila Dosal, que desde su primera reuni\u00f3n plante\u00f3 la necesidad de mejorar el suministro el\u00e9ctrico y que llegue<\/p>\n","protected":false},"author":1,"featured_media":76320,"comment_status":"open","ping_status":"open","sticky":false,"template":"","format":"standard","meta":{"jetpack_post_was_ever_published":false,"_jetpack_newsletter_access":"","_jetpack_dont_email_post_to_subs":false,"_jetpack_newsletter_tier_id":0,"_jetpack_memberships_contains_paywalled_content":false,"_jetpack_memberships_contains_paid_content":false,"footnotes":"","jetpack_publicize_message":"","jetpack_publicize_feature_enabled":true,"jetpack_social_post_already_shared":true,"jetpack_social_options":{"image_generator_settings":{"template":"highway","default_image_id":0,"font":"","enabled":false},"version":2}},"categories":[17],"tags":[],"class_list":["post-76319","post","type-post","status-publish","format-standard","has-post-thumbnail","hentry","category-politica-y-gobierno"],"jetpack_publicize_connections":[],"jetpack_featured_media_url":"https:\/\/formalprision.com\/wp-content\/uploads\/2020\/02\/FCD78AF1-F60E-4F06-88C4-BDB2B6D1ABC1.jpeg","jetpack_sharing_enabled":true,"jetpack_shortlink":"https:\/\/wp.me\/p6id8p-jQX","_links":{"self":[{"href":"https:\/\/formalprision.com\/index.php?rest_route=\/wp\/v2\/posts\/76319","targetHints":{"allow":["GET"]}}],"collection":[{"href":"https:\/\/formalprision.com\/index.php?rest_route=\/wp\/v2\/posts"}],"about":[{"href":"https:\/\/formalprision.com\/index.php?rest_route=\/wp\/v2\/types\/post"}],"author":[{"embeddable":true,"href":"https:\/\/formalprision.com\/index.php?rest_route=\/wp\/v2\/users\/1"}],"replies":[{"embeddable":true,"href":"https:\/\/formalprision.com\/index.php?rest_route=%2Fwp%2Fv2%2Fcomments&post=76319"}],"version-history":[{"count":0,"href":"https:\/\/formalprision.com\/index.php?rest_route=\/wp\/v2\/posts\/76319\/revisions"}],"wp:featuredmedia":[{"embeddable":true,"href":"https:\/\/formalprision.com\/index.php?rest_route=\/wp\/v2\/media\/76320"}],"wp:attachment":[{"href":"https:\/\/formalprision.com\/index.php?rest_route=%2Fwp%2Fv2%2Fmedia&parent=76319"}],"wp:term":[{"taxonomy":"category","embeddable":true,"href":"https:\/\/formalprision.com\/index.php?rest_route=%2Fwp%2Fv2%2Fcategories&post=76319"},{"taxonomy":"post_tag","embeddable":true,"href":"https:\/\/formalprision.com\/index.php?rest_route=%2Fwp%2Fv2%2Ftags&post=76319"}],"curies":[{"name":"wp","href":"https:\/\/api.w.org\/{rel}","templated":true}]}}