{"id":7632,"date":"2011-11-15T16:34:00","date_gmt":"2011-11-15T16:34:00","guid":{"rendered":"http:\/\/formalprision.info\/2011\/11\/15\/veracruzano-y-yucateco-detenidos-con\/"},"modified":"2015-06-03T08:54:45","modified_gmt":"2015-06-03T08:54:45","slug":"veracruzano-y-yucateco-detenidos-con","status":"publish","type":"post","link":"https:\/\/formalprision.com\/?p=7632","title":{"rendered":"Veracruzano y yucateco detenidos con auto robado, coca\u00edna y un par de armas deportivas"},"content":{"rendered":"<p><a href=\"http:\/\/2.bp.blogspot.com\/--nIVfkpia-o\/TsIKlr4XhrI\/AAAAAAAAE40\/nOPD1lZApk4\/s1600\/aaaempistolao.JPG\"><img decoding=\"async\" id=\"BLOGGER_PHOTO_ID_5675110122990831282\" style=\"FLOAT: left; MARGIN: 0px 10px 10px 0px; WIDTH: 320px; CURSOR: hand; HEIGHT: 237px\" alt=\"\" src=\"http:\/\/formalprision.com\/wp-content\/uploads\/2011\/11\/aaaempistolao.jpg\" border=\"0\" \/><\/a><\/p>\n<div>Elementos de la Secretar\u00eda de Seguridad P\u00fablica detuvieron a V\u00edctor David Mendoza Cort\u00e9s, de 19 a\u00f1os de edad, originario de Catemaco, Veracruz, por el presunto robo de un autom\u00f3vil, y a Roberto Echeverr\u00eda Delgado, de 25 a\u00f1os, originario de M\u00e9rida, Yucat\u00e1n, por portaci\u00f3n de coca\u00edna.<br \/>Los hechos ocurrieron este lunes a las 11:00 horas en la calle 46 por Perif\u00e9rico de la colonia Villa Magna Sur, cuando polic\u00edas estatales detuvieron a un veh\u00edculo Avenger de color azul sin placas, detr\u00e1s del cual se estacion\u00f3 una camioneta Eco Sport roja placas YGT-1804, del estado de Veracruz.<br \/>El auto era manejado por Mendoza Cort\u00e9s, quien dijo que las placas estaban en la cajuela, lo cual se verific\u00f3 y se trataba de la matr\u00edcula 9681-TMD del estado de Quintana Roo, que al ser verificada en la base de datos de la SSP arroj\u00f3 reporte de robo, por parte de la rentadora Hertz, en el municipio de Solidaridad, del vecino estado.<br \/>Por su parte, al conductor de la camioneta, Echeverr\u00eda Delgado, se le cay\u00f3 de su cartera una bolsa de nailon que conten\u00eda coca\u00edna, y en el interior del veh\u00edculo un estuche en el que hab\u00eda una b\u00e1scula digital, una bolsita de coca\u00edna, tres bolsitas con seis piedras de crack y nueve tiros \u00fatiles de diferentes calibres, as\u00ed como dos armas deportivas una de di\u00e1bolos y otra de aire.<br \/>Mendoza Cort\u00e9s tiene dos ingresos anteriores a la c\u00e1rcel; uno por no acreditar la procedencia de varias llaves de distintos veh\u00edculos y otro por portaci\u00f3n de 22 piedras de crack, delito por el que recientemente sali\u00f3 del penal tras pagar una fianza.<br \/>Echeverr\u00eda Delgado tiene un ingreso anterior a la c\u00e1rcel p\u00fablica por robo a casa habitaci\u00f3n. <\/div>\n","protected":false},"excerpt":{"rendered":"<p>Elementos de la Secretar\u00eda de Seguridad P\u00fablica detuvieron a V\u00edctor David Mendoza Cort\u00e9s, de 19 a\u00f1os de edad, originario de Catemaco, Veracruz, por el presunto robo de un autom\u00f3vil, y<\/p>\n","protected":false},"author":1,"featured_media":25333,"comment_status":"open","ping_status":"open","sticky":false,"template":"","format":"standard","meta":{"jetpack_post_was_ever_published":false,"_jetpack_newsletter_access":"","_jetpack_dont_email_post_to_subs":false,"_jetpack_newsletter_tier_id":0,"_jetpack_memberships_contains_paywalled_content":false,"_jetpack_memberships_contains_paid_content":false,"footnotes":"","jetpack_publicize_message":"","jetpack_publicize_feature_enabled":true,"jetpack_social_post_already_shared":false,"jetpack_social_options":{"image_generator_settings":{"template":"highway","default_image_id":0,"font":"","enabled":false},"version":2}},"categories":[45,3,1],"tags":[],"class_list":["post-7632","post","type-post","status-publish","format-standard","has-post-thumbnail","hentry","category-delincuentes-vip","category-portada","category-sin-categoria"],"jetpack_publicize_connections":[],"jetpack_featured_media_url":"https:\/\/formalprision.com\/wp-content\/uploads\/2011\/11\/aaaempistolao.jpg","jetpack_sharing_enabled":true,"jetpack_shortlink":"https:\/\/wp.me\/p6id8p-1Z6","_links":{"self":[{"href":"https:\/\/formalprision.com\/index.php?rest_route=\/wp\/v2\/posts\/7632","targetHints":{"allow":["GET"]}}],"collection":[{"href":"https:\/\/formalprision.com\/index.php?rest_route=\/wp\/v2\/posts"}],"about":[{"href":"https:\/\/formalprision.com\/index.php?rest_route=\/wp\/v2\/types\/post"}],"author":[{"embeddable":true,"href":"https:\/\/formalprision.com\/index.php?rest_route=\/wp\/v2\/users\/1"}],"replies":[{"embeddable":true,"href":"https:\/\/formalprision.com\/index.php?rest_route=%2Fwp%2Fv2%2Fcomments&post=7632"}],"version-history":[{"count":0,"href":"https:\/\/formalprision.com\/index.php?rest_route=\/wp\/v2\/posts\/7632\/revisions"}],"wp:featuredmedia":[{"embeddable":true,"href":"https:\/\/formalprision.com\/index.php?rest_route=\/wp\/v2\/media\/25333"}],"wp:attachment":[{"href":"https:\/\/formalprision.com\/index.php?rest_route=%2Fwp%2Fv2%2Fmedia&parent=7632"}],"wp:term":[{"taxonomy":"category","embeddable":true,"href":"https:\/\/formalprision.com\/index.php?rest_route=%2Fwp%2Fv2%2Fcategories&post=7632"},{"taxonomy":"post_tag","embeddable":true,"href":"https:\/\/formalprision.com\/index.php?rest_route=%2Fwp%2Fv2%2Ftags&post=7632"}],"curies":[{"name":"wp","href":"https:\/\/api.w.org\/{rel}","templated":true}]}}