{"id":76374,"date":"2020-02-04T21:27:04","date_gmt":"2020-02-05T02:27:04","guid":{"rendered":"http:\/\/formalprision.com\/?p=76374"},"modified":"2020-02-05T03:32:01","modified_gmt":"2020-02-05T08:32:01","slug":"se-roba-una-moto-en-quintana-roo-y-lo-detienen-en-yucatan","status":"publish","type":"post","link":"https:\/\/formalprision.com\/?p=76374","title":{"rendered":"Se roba una moto en Quintana Roo y lo detienen en Yucat\u00e1n"},"content":{"rendered":"\n<p>M\u00e9rida, Yucat\u00e1n, 04 de febrero 2020.-La Fiscal\u00eda General del Estado (FGE) formul\u00f3 la imputaci\u00f3n a B.R.M. por su presunta participaci\u00f3n en el delito de transporte de bien robado, denunciado tras los hechos ocurridos en el vecino estado de Quintana Roo y sorprendido cuando transitaba en la carretera M\u00e9rida-Puerto Ju\u00e1rez.<\/p>\n\n\n\n<p>Durante la audiencia realizada en el Juzgado Primero de Control del Quinto Distrito Judicial, con sede en el Centro de Justicia Oral de Valladolid, se decret\u00f3 de legal la detenci\u00f3n y los Fiscales, despu\u00e9s de formular la imputaci\u00f3n del delito, presentaron los datos de prueba para solicitar la vinculaci\u00f3n a proceso del imputado, quien pidi\u00f3 la ampliaci\u00f3n del plazo para resolver su situaci\u00f3n jur\u00eddica por lo que el Juez de Control estableci\u00f3 que la audiencia contin\u00fae el cinco de febrero.<\/p>\n\n\n\n<p>De acuerdo con la informaci\u00f3n reunida en la causa penal 14\/2020, los hechos ocurrieron el pasado 31 de enero, cuando el imputado transitaba en el kil\u00f3metro 172 de la citada carretera, en el tramo Chich\u00e9n Itz\u00e1-Chem\u00e1x, cuando presuntamente trasladaba una motocicleta que cuenta con reporte de robo en el Estado vecino, por lo que fue detenido y turnado a la Fiscal\u00eda para la integraci\u00f3n de la carpeta de investigaci\u00f3n correspondiente.<\/p>\n\n\n\n<p>Por \u00faltimo, los fiscales adscritos a la demarcaci\u00f3n presentaron los argumentos para solicitar la medida cautelar de prisi\u00f3n preventiva por necesidad, por lo que la autoridad judicial, tras valorarlos, otorg\u00f3 la medida por todo el tiempo que dure el proceso. (Comunicado de Prensa)<\/p>\n","protected":false},"excerpt":{"rendered":"<p>M\u00e9rida, Yucat\u00e1n, 04 de febrero 2020.-La Fiscal\u00eda General del Estado (FGE) formul\u00f3 la imputaci\u00f3n a B.R.M. por su presunta participaci\u00f3n en el delito de transporte de bien robado, denunciado tras<\/p>\n","protected":false},"author":1,"featured_media":76375,"comment_status":"open","ping_status":"open","sticky":false,"template":"","format":"standard","meta":{"jetpack_post_was_ever_published":false,"_jetpack_newsletter_access":"","_jetpack_dont_email_post_to_subs":false,"_jetpack_newsletter_tier_id":0,"_jetpack_memberships_contains_paywalled_content":false,"_jetpack_memberships_contains_paid_content":false,"footnotes":"","jetpack_publicize_message":"","jetpack_publicize_feature_enabled":true,"jetpack_social_post_already_shared":true,"jetpack_social_options":{"image_generator_settings":{"template":"highway","default_image_id":0,"font":"","enabled":false},"version":2}},"categories":[3],"tags":[],"class_list":["post-76374","post","type-post","status-publish","format-standard","has-post-thumbnail","hentry","category-portada"],"jetpack_publicize_connections":[],"jetpack_featured_media_url":"https:\/\/formalprision.com\/wp-content\/uploads\/2020\/02\/A346685B-890C-48EC-8791-24BE5ED59940.jpeg","jetpack_sharing_enabled":true,"jetpack_shortlink":"https:\/\/wp.me\/p6id8p-jRQ","_links":{"self":[{"href":"https:\/\/formalprision.com\/index.php?rest_route=\/wp\/v2\/posts\/76374","targetHints":{"allow":["GET"]}}],"collection":[{"href":"https:\/\/formalprision.com\/index.php?rest_route=\/wp\/v2\/posts"}],"about":[{"href":"https:\/\/formalprision.com\/index.php?rest_route=\/wp\/v2\/types\/post"}],"author":[{"embeddable":true,"href":"https:\/\/formalprision.com\/index.php?rest_route=\/wp\/v2\/users\/1"}],"replies":[{"embeddable":true,"href":"https:\/\/formalprision.com\/index.php?rest_route=%2Fwp%2Fv2%2Fcomments&post=76374"}],"version-history":[{"count":0,"href":"https:\/\/formalprision.com\/index.php?rest_route=\/wp\/v2\/posts\/76374\/revisions"}],"wp:featuredmedia":[{"embeddable":true,"href":"https:\/\/formalprision.com\/index.php?rest_route=\/wp\/v2\/media\/76375"}],"wp:attachment":[{"href":"https:\/\/formalprision.com\/index.php?rest_route=%2Fwp%2Fv2%2Fmedia&parent=76374"}],"wp:term":[{"taxonomy":"category","embeddable":true,"href":"https:\/\/formalprision.com\/index.php?rest_route=%2Fwp%2Fv2%2Fcategories&post=76374"},{"taxonomy":"post_tag","embeddable":true,"href":"https:\/\/formalprision.com\/index.php?rest_route=%2Fwp%2Fv2%2Ftags&post=76374"}],"curies":[{"name":"wp","href":"https:\/\/api.w.org\/{rel}","templated":true}]}}