{"id":76381,"date":"2020-02-05T00:54:38","date_gmt":"2020-02-05T05:54:38","guid":{"rendered":"http:\/\/formalprision.com\/?p=76381"},"modified":"2020-02-05T00:54:42","modified_gmt":"2020-02-05T05:54:42","slug":"mauricio-vila-acude-a-reunion-con-el-presidente-lopez-obrador","status":"publish","type":"post","link":"https:\/\/formalprision.com\/?p=76381","title":{"rendered":"Mauricio Vila  acude a reuni\u00f3n con el presidente  L\u00f3pez Obrador"},"content":{"rendered":"\n<p>Ciudad de M\u00e9xico, 4 de febrero de 2020.- El gobernador de Yucat\u00e1n, Mauricio Vila Dosal, junto con Gobernadores de otros 9 estados del pa\u00eds, se reuni\u00f3 esta tarde con el presidente Andr\u00e9s Manuel L\u00f3pez Obrador, en donde reiter\u00f3 que solo la coordinaci\u00f3n de esfuerzos y el di\u00e1logo son la v\u00eda para conseguir mayores beneficios para los yucatecos y los mexicanos. <\/p>\n\n\n\n<p>Adem\u00e1s de Vila Dosal, al encuentro con el jefe del Ejecutivo federal tambi\u00e9n asistieron los Gobernadores de Baja California Sur, Carlos Mendoza Davis, Tamaulipas, Francisco Garc\u00eda Cabeza de Vaca, Durango, Jos\u00e9 Rosas Aispuro, Aguascalientes, Mart\u00edn Orozco Sandoval, Guanajuato, Sinhu\u00e9 Rodr\u00edguez Vallejo, Quer\u00e9taro, Francisco Dom\u00ednguez Servi\u00e9n, Chihuahua, Javier Corral Jurado, Quintana Roo, Carlos Joaqu\u00edn Gonz\u00e1lez y Nayarit, Antonio Echevarr\u00eda Garc\u00eda, quienes coincidieron en que el trabajo coordinado es fundamental para contribuir a mejorar la calidad de vida de la poblaci\u00f3n.<\/p>\n\n\n\n<p>En el encuentro, desarrollado en Palacio Nacional, el gobernador yucateco y los otros 9 plantearon la opci\u00f3n de trabajar en esfuerzos conjuntos en diferentes temas como seguridad, desarrollo econ\u00f3mico, infraestructura, salud, educaci\u00f3n, campo, empleo, combate a la pobreza, entre otros.<\/p>\n\n\n\n<p>En este sentido, Vila Dosal se\u00f1al\u00f3 que la intenci\u00f3n de la reuni\u00f3n fue fortalecer el trabajo coordinado con el Gobierno Federal, con el \u00fanico prop\u00f3sito de desarrollar los programas, acciones y obras que contribuyan a mejorar la calidad de vida de la poblaci\u00f3n y combatir las carencias sociales.<\/p>\n\n\n\n<p>\u201cNosotros lo que estamos buscando es que los habitantes de nuestros estados tengan condiciones y oportunidades adecuadas para salir adelante y, con ello, contribuir al avance del pa\u00eds, por eso estamos trabajando de la mano del Gobierno Federal\u201d, asegur\u00f3 Mauricio Vila.<\/p>\n\n\n\n<p>Hay que recordar que, Vila Dosal siempre ha impulsado el di\u00e1logo y el trabajo coordinado con el Gobierno federal, lo que ha derivado en importantes acciones como el programa de Vivienda Social, en el que se est\u00e1n realizando 17,000 acciones, entre pisos, techos, cocinas, ba\u00f1os y rec\u00e1maras adicionales, con una inversi\u00f3n conjunta de 900 millones de pesos.<\/p>\n\n\n\n<p>De igual manera, en un esfuerzo conjunto del gobernador y el presidente se logr\u00f3 poner en funcionamiento al 100% de su capacidad el Hospital General de Tekax, despu\u00e9s de m\u00e1s de 10 a\u00f1os de su construcci\u00f3n, y tambi\u00e9n se respaldan actividades productivas como la miel, producto para el cual se construir\u00e1 un centro de acopio en el municipio de Tahmek, lo que contribuir\u00e1 a que los apicultores vendan a precios m\u00e1s competitivos e ingresen a nuevos mercados.<\/p>\n\n\n\n<p>Asimismo, Vila Dosal gestion\u00f3 ante L\u00f3pez Obrador para que  Progreso fuera incluido este a\u00f1o dentro del Programa de Mejora a la Infraestructura Urbana, que contempla un presupuesto de 500 millones de pesos a\u00f1o para este destino de la costa yucateca. Dichos recursos se destinar\u00e1n para mejorar la infraestructura del puerto, pero tambi\u00e9n para acciones de vivienda, calles y mejora en los servicios p\u00fablicos. <\/p>\n\n\n\n<p>De esta manera, el puerto yucateco se une a ciudades de alto nivel tur\u00edstico como Acapulco, Guerrero; Puerto Vallarta, Jalisco; Los Cabos, Baja California Sur y Playa del Carmen, Quintana Roo, en los que se aplica esta inversi\u00f3n.  <\/p>\n\n\n\n<p>Y recientemente, el fin de semana pasado, Vila Dosal y L\u00f3pez Obrador pusieron en marcha los trabajos de construcci\u00f3n de la planta de generaci\u00f3n de energ\u00eda el\u00e9ctrica M\u00e9rida 4 y el gasoducto Cuxtal fase 2, proyectos que garantizar\u00e1n un mejor suministro de electricidad y gas natural a un precio m\u00e1s justo y, con ello, ser un estado m\u00e1s competitivo para la inversi\u00f3n.<\/p>\n\n\n\n<p>Estos son tan solo algunos ejemplos de los resultados del trabajo conjunto que ha promovido el gobernador con la Federaci\u00f3n para lograr mayores beneficios que se traduzcan en mejores condiciones de vida para los yucatecos, siempre privilegiando el di\u00e1logo y la coordinaci\u00f3n esfuerzos. (Comunicado de Prensa)<\/p>\n","protected":false},"excerpt":{"rendered":"<p>Ciudad de M\u00e9xico, 4 de febrero de 2020.- El gobernador de Yucat\u00e1n, Mauricio Vila Dosal, junto con Gobernadores de otros 9 estados del pa\u00eds, se reuni\u00f3 esta tarde con el<\/p>\n","protected":false},"author":1,"featured_media":76382,"comment_status":"open","ping_status":"open","sticky":false,"template":"","format":"standard","meta":{"jetpack_post_was_ever_published":false,"_jetpack_newsletter_access":"","_jetpack_dont_email_post_to_subs":false,"_jetpack_newsletter_tier_id":0,"_jetpack_memberships_contains_paywalled_content":false,"_jetpack_memberships_contains_paid_content":false,"footnotes":"","jetpack_publicize_message":"","jetpack_publicize_feature_enabled":true,"jetpack_social_post_already_shared":true,"jetpack_social_options":{"image_generator_settings":{"template":"highway","default_image_id":0,"font":"","enabled":false},"version":2}},"categories":[14],"tags":[],"class_list":["post-76381","post","type-post","status-publish","format-standard","has-post-thumbnail","hentry","category-merida"],"jetpack_publicize_connections":[],"jetpack_featured_media_url":"https:\/\/formalprision.com\/wp-content\/uploads\/2020\/02\/C0125E3A-05C9-4AC5-9247-232F2807F0FA.jpeg","jetpack_sharing_enabled":true,"jetpack_shortlink":"https:\/\/wp.me\/p6id8p-jRX","_links":{"self":[{"href":"https:\/\/formalprision.com\/index.php?rest_route=\/wp\/v2\/posts\/76381","targetHints":{"allow":["GET"]}}],"collection":[{"href":"https:\/\/formalprision.com\/index.php?rest_route=\/wp\/v2\/posts"}],"about":[{"href":"https:\/\/formalprision.com\/index.php?rest_route=\/wp\/v2\/types\/post"}],"author":[{"embeddable":true,"href":"https:\/\/formalprision.com\/index.php?rest_route=\/wp\/v2\/users\/1"}],"replies":[{"embeddable":true,"href":"https:\/\/formalprision.com\/index.php?rest_route=%2Fwp%2Fv2%2Fcomments&post=76381"}],"version-history":[{"count":0,"href":"https:\/\/formalprision.com\/index.php?rest_route=\/wp\/v2\/posts\/76381\/revisions"}],"wp:featuredmedia":[{"embeddable":true,"href":"https:\/\/formalprision.com\/index.php?rest_route=\/wp\/v2\/media\/76382"}],"wp:attachment":[{"href":"https:\/\/formalprision.com\/index.php?rest_route=%2Fwp%2Fv2%2Fmedia&parent=76381"}],"wp:term":[{"taxonomy":"category","embeddable":true,"href":"https:\/\/formalprision.com\/index.php?rest_route=%2Fwp%2Fv2%2Fcategories&post=76381"},{"taxonomy":"post_tag","embeddable":true,"href":"https:\/\/formalprision.com\/index.php?rest_route=%2Fwp%2Fv2%2Ftags&post=76381"}],"curies":[{"name":"wp","href":"https:\/\/api.w.org\/{rel}","templated":true}]}}