{"id":76391,"date":"2020-02-05T18:49:27","date_gmt":"2020-02-05T23:49:27","guid":{"rendered":"http:\/\/formalprision.com\/?p=76391"},"modified":"2020-02-05T18:49:32","modified_gmt":"2020-02-05T23:49:32","slug":"yucatan-conmemora-el-103-aniversario-de-la-promulgacion-de-la-carta-magna","status":"publish","type":"post","link":"https:\/\/formalprision.com\/?p=76391","title":{"rendered":"Yucat\u00e1n conmemora el 103 aniversario de la promulgaci\u00f3n de la Carta Magna"},"content":{"rendered":"\n<p>M\u00e9rida, Yucat\u00e1n, 5 de febrero de 2020.- Consecuente y respetuoso con los principios de nuestro r\u00e9gimen federal y republicano, y de las garant\u00edas individuales y sociales que consagra la Constituci\u00f3n Pol\u00edtica de los Estados Unidos Mexicanos, la administraci\u00f3n que encabeza el gobernador Mauricio Vila Dosal se sum\u00f3 a la conmemoraci\u00f3n del CIII aniversario de su promulgaci\u00f3n.<\/p>\n\n\n\n<p>A nombre del jefe del Ejecutivo, la titular de la Secretar\u00eda General de Gobierno (SGG), Mar\u00eda Fritz Sierra, encabez\u00f3 el acto c\u00edvico, en el que se evoc\u00f3 los fundamentos de la Carta Magna, que rige a la poblaci\u00f3n del pa\u00eds. Representantes de los tres Poderes acudieron al parque \u201cArt\u00edculo 123\u201d de esta ciudad, para testimoniar la vigencia del documento que configura y fortalece al Estado.<\/p>\n\n\n\n<p>La diputada y presidenta de la Mesa Directiva del Congreso local, Janice Escobedo Salazar, fungi\u00f3 como oradora principal y resalt\u00f3 los principios de la ley fundamental como eje rector de la naci\u00f3n; asimismo, expuso que, a m\u00e1s de un centenario de su promulgaci\u00f3n, la Constituci\u00f3n y las leyes que de ella emanan son el referente obligado sobre el que se debe desarrollar la vida p\u00fablica en el territorio.<\/p>\n\n\n\n<p>De igual manera, advirti\u00f3 que ninguna transformaci\u00f3n pol\u00edtica y gubernamental debe estar por encima del alma nacional, contenida en la Carta Magna; por el contrario, como autoridades, debemos pugnar por el respeto a ella, sus leyes y las instituciones, puntualiz\u00f3.<\/p>\n\n\n\n<p>Posteriormente, se pronunci\u00f3 por un di\u00e1logo responsable entre Poderes, sin autoritarismos y con unidad, para reforzar la comuni\u00f3n, el progreso, el desarrollo y el bienestar de todas y todos, sin distingo, pues la Constituci\u00f3n es y ser\u00e1 siempre el eje rector del sistema democr\u00e1tico, la columna de nuestras acciones y el sentido de la pertenencia de la poblaci\u00f3n.<\/p>\n\n\n\n<p>\u201cHagamos este compromiso social: trabajar incansablemente para expandir los ideales que nos dieron origen, para garantizar a las pr\u00f3ximas generaciones un futuro donde el bienestar sea la clave para avanzar como Estado y como naci\u00f3n\u201d, finaliz\u00f3.<\/p>\n\n\n\n<p>Despu\u00e9s de la intervenci\u00f3n de la diputada, las autoridades colocaron su ofrenda floral, montaron guardia de honor ante la efigie del legislador yucateco H\u00e9ctor Victoria Aguilar y entonaron el Himno Nacional con los correspondientes honores a la Bandera.<\/p>\n\n\n\n<p>En el acto, estuvieron el presidente del Tribunal Superior de Justicia y del Consejo de la Judicatura del Poder Judicial del Estado, Ricardo \u00c1vila Heredia, y el secretario del Ayuntamiento de M\u00e9rida, Alejandro Ruz Castro, en representaci\u00f3n del alcalde Ren\u00e1n Barrera Concha.<\/p>\n\n\n\n<p>Tambi\u00e9n, el comandante de la X Regi\u00f3n Militar, general de Divisi\u00f3n Diplomado de Estado Mayor (DEM) V\u00edctor Hugo Aguirre Serna; el contralmirante Cuerpo General DEM Armando P\u00e9rez P\u00e9rez; el general de Brigada DEM Andr\u00e9s Fernando Aguirre, y el comandante de la Base A\u00e9rea Militar n\u00famero 8, coronel de la Fuerza A\u00e9rea DEM Agust\u00edn Paco Torres. (Comunicado de Prensa)<\/p>\n","protected":false},"excerpt":{"rendered":"<p>M\u00e9rida, Yucat\u00e1n, 5 de febrero de 2020.- Consecuente y respetuoso con los principios de nuestro r\u00e9gimen federal y republicano, y de las garant\u00edas individuales y sociales que consagra la Constituci\u00f3n<\/p>\n","protected":false},"author":1,"featured_media":76392,"comment_status":"open","ping_status":"open","sticky":false,"template":"","format":"standard","meta":{"jetpack_post_was_ever_published":false,"_jetpack_newsletter_access":"","_jetpack_dont_email_post_to_subs":false,"_jetpack_newsletter_tier_id":0,"_jetpack_memberships_contains_paywalled_content":false,"_jetpack_memberships_contains_paid_content":false,"footnotes":"","jetpack_publicize_message":"","jetpack_publicize_feature_enabled":true,"jetpack_social_post_already_shared":true,"jetpack_social_options":{"image_generator_settings":{"template":"highway","default_image_id":0,"font":"","enabled":false},"version":2}},"categories":[14],"tags":[],"class_list":["post-76391","post","type-post","status-publish","format-standard","has-post-thumbnail","hentry","category-merida"],"jetpack_publicize_connections":[],"jetpack_featured_media_url":"https:\/\/formalprision.com\/wp-content\/uploads\/2020\/02\/IMG_6504.jpg","jetpack_sharing_enabled":true,"jetpack_shortlink":"https:\/\/wp.me\/p6id8p-jS7","_links":{"self":[{"href":"https:\/\/formalprision.com\/index.php?rest_route=\/wp\/v2\/posts\/76391","targetHints":{"allow":["GET"]}}],"collection":[{"href":"https:\/\/formalprision.com\/index.php?rest_route=\/wp\/v2\/posts"}],"about":[{"href":"https:\/\/formalprision.com\/index.php?rest_route=\/wp\/v2\/types\/post"}],"author":[{"embeddable":true,"href":"https:\/\/formalprision.com\/index.php?rest_route=\/wp\/v2\/users\/1"}],"replies":[{"embeddable":true,"href":"https:\/\/formalprision.com\/index.php?rest_route=%2Fwp%2Fv2%2Fcomments&post=76391"}],"version-history":[{"count":0,"href":"https:\/\/formalprision.com\/index.php?rest_route=\/wp\/v2\/posts\/76391\/revisions"}],"wp:featuredmedia":[{"embeddable":true,"href":"https:\/\/formalprision.com\/index.php?rest_route=\/wp\/v2\/media\/76392"}],"wp:attachment":[{"href":"https:\/\/formalprision.com\/index.php?rest_route=%2Fwp%2Fv2%2Fmedia&parent=76391"}],"wp:term":[{"taxonomy":"category","embeddable":true,"href":"https:\/\/formalprision.com\/index.php?rest_route=%2Fwp%2Fv2%2Fcategories&post=76391"},{"taxonomy":"post_tag","embeddable":true,"href":"https:\/\/formalprision.com\/index.php?rest_route=%2Fwp%2Fv2%2Ftags&post=76391"}],"curies":[{"name":"wp","href":"https:\/\/api.w.org\/{rel}","templated":true}]}}