{"id":76416,"date":"2020-02-07T14:31:02","date_gmt":"2020-02-07T19:31:02","guid":{"rendered":"http:\/\/formalprision.com\/?p=76416"},"modified":"2020-02-07T14:31:02","modified_gmt":"2020-02-07T19:31:02","slug":"impulsa-gobierno-estatal-profesionalizacion-y-capacitacion-del-servicio-publico","status":"publish","type":"post","link":"https:\/\/formalprision.com\/?p=76416","title":{"rendered":"Impulsa gobierno estatal  profesionalizaci\u00f3n y capacitaci\u00f3n del servicio p\u00fablico"},"content":{"rendered":"\n<p>M\u00e9rida, Yucat\u00e1n, 7 de febrero de 2020.- Para reforzar sus conocimientos y brindar habilidades necesarias al personal al servicio de los ayuntamientos de Yucat\u00e1n, en impulso a su profesionalizaci\u00f3n y capacitaci\u00f3n, objetivo del gobernador Mauricio Vila Dosal, el Instituto de Desarrollo Regional y Municipal (Inderm) lleva al cabo talleres sobre valores catastrales en los municipios del estado.<\/p>\n\n\n\n<p>Con el t\u00edtulo \u201cImportancia y definici\u00f3n de tabla de valores catastrales municipales 2020\u201d, el curso contribuye tambi\u00e9n a fortalecer la calidad en la atenci\u00f3n que se brinda a la ciudadan\u00eda que acude a realizar tr\u00e1mites y solicitar los servicios que, a trav\u00e9s de los cabildos, se prestan por parte de la direcci\u00f3n de Catastro del Instituto de Seguridad Jur\u00eddica y Patrimonial de Yucat\u00e1n (Insejupy).<\/p>\n\n\n\n<p>Esta actividad que realiza la Unidad de Vinculaci\u00f3n y Desarrollo Institucional del Inderm se da en el marco de colaboraci\u00f3n de las dependencias integradas a la Comisi\u00f3n Especial de Paz, Justicia y Gobernabilidad que preside la titular de la Secretar\u00eda General de Gobierno (SGG), Mar\u00eda Fritz Sierra, y cuyo objetivo es la de garantizar la seguridad y la certidumbre jur\u00eddica.<\/p>\n\n\n\n<p>En los talleres, que iniciaron el pasado 29 de enero y concluir\u00e1n el pr\u00f3ximo 13 de febrero, se ha capacitado personal de secretar\u00edas municipales, enlaces de catastro, tesorer\u00eda, s\u00edndicos, direcciones jur\u00eddicas y de asesor\u00eda jur\u00eddica.<\/p>\n\n\n\n<p>El titular de la Unidad de Vinculaci\u00f3n y Desarrollo Institucional del Inderm, Samuel Furlong Boj\u00f3rquez, inform\u00f3 que en esta ocasi\u00f3n ser\u00e1n en total 234 servidoras y servidores p\u00fablicos de 78 demarcaciones de Yucat\u00e1n los que reciban esta capacitaci\u00f3n, para que est\u00e9n mejor preparados y realicen su trabajo cotidiano de manera m\u00e1s eficiente, todo en beneficio de la poblaci\u00f3n.<\/p>\n\n\n\n<p>\u201cCon estos talleres se busca que el servidor p\u00fablico municipal pueda elaborar tablas de valores catastrales de manera correcta, as\u00ed como actualizarlas a\u00f1o con a\u00f1o, para que sirvan como base para la determinaci\u00f3n del cobro de contribuciones y como referencia para la valuaci\u00f3n de los bienes inmuebles\u201d, se\u00f1al\u00f3.<\/p>\n\n\n\n<p>\u201cA trav\u00e9s de este ejercicio, se garantiza el principio de la legalidad tributaria porque le otorga certeza al ciudadano sobre uno de los elementos de las contribuciones relacionados con la propiedad\u201d, indic\u00f3 Furlong Boj\u00f3rquez.<\/p>\n\n\n\n<p>\u201cLos valores catastrales sirven de base para el impuesto de enajenaci\u00f3n de inmuebles de orden estatal, del impuesto sobre adquisici\u00f3n de inmuebles de orden municipal, e igualmente es indispensable como base para el c\u00e1lculo de impuesto predial\u201d, agreg\u00f3.<\/p>\n\n\n\n<p>Tambi\u00e9n se\u00f1al\u00f3 que este y otros talleres se realizan por instrucciones de la titular de la SGG, Mar\u00eda Fritz, por considerar esencial la capacitaci\u00f3n como estrategia para proveer del conocimiento necesario a las y los servidores p\u00fablicos, para que se mantengan actualizados en los temas de sus \u00e1mbitos laborales.<\/p>\n\n\n\n<p>Lo anterior se lleva a cabo en coordinaci\u00f3n con el Insejupy, por lo que agradeci\u00f3 la amplia disposici\u00f3n y apoyo de su personal, particularmente a las y los funcionarios p\u00fablicos que participan como instructores, por compartir informaci\u00f3n valiosa.<\/p>\n\n\n\n<p>El pr\u00f3ximo mi\u00e9rcoles 12, le corresponde a personal de los municipios de Abal\u00e1, Cuzam\u00e1, Hom\u00fan, Sey\u00e9, Tecoh, Timucuy, Chicxulub Pueblo, Mococh\u00e1, Tixp\u00e9hual, Uc\u00fa y Yaxkukul. La sede ser\u00e1 el Instituto Tecnol\u00f3gico Superior de Progreso.<\/p>\n\n\n\n<p>Finalizar\u00e1 al d\u00eda siguiente, jueves 13, con participantes de Akil, Chacsink\u00edn, Chapab, Sacalum, Tahdzi\u00fa, Tixm\u00e9huac, Tzucacab, Chumayel, Dzan, Cantamayec, Mama, Man\u00ed, Mayap\u00e1n, Muna, Santa Elena, Teabo y Tekit, siendo la Universidad Tecnol\u00f3gica Regional del Sur, en Tekax, su sede. (Comunicado de Prensa)<\/p>\n","protected":false},"excerpt":{"rendered":"<p>M\u00e9rida, Yucat\u00e1n, 7 de febrero de 2020.- Para reforzar sus conocimientos y brindar habilidades necesarias al personal al servicio de los ayuntamientos de Yucat\u00e1n, en impulso a su profesionalizaci\u00f3n y<\/p>\n","protected":false},"author":1,"featured_media":76417,"comment_status":"open","ping_status":"open","sticky":false,"template":"","format":"standard","meta":{"jetpack_post_was_ever_published":false,"_jetpack_newsletter_access":"","_jetpack_dont_email_post_to_subs":false,"_jetpack_newsletter_tier_id":0,"_jetpack_memberships_contains_paywalled_content":false,"_jetpack_memberships_contains_paid_content":false,"footnotes":"","jetpack_publicize_message":"","jetpack_publicize_feature_enabled":true,"jetpack_social_post_already_shared":true,"jetpack_social_options":{"image_generator_settings":{"template":"highway","default_image_id":0,"font":"","enabled":false},"version":2}},"categories":[14],"tags":[],"class_list":["post-76416","post","type-post","status-publish","format-standard","has-post-thumbnail","hentry","category-merida"],"jetpack_publicize_connections":[],"jetpack_featured_media_url":"https:\/\/formalprision.com\/wp-content\/uploads\/2020\/02\/IMG_6523.jpg","jetpack_sharing_enabled":true,"jetpack_shortlink":"https:\/\/wp.me\/p6id8p-jSw","_links":{"self":[{"href":"https:\/\/formalprision.com\/index.php?rest_route=\/wp\/v2\/posts\/76416","targetHints":{"allow":["GET"]}}],"collection":[{"href":"https:\/\/formalprision.com\/index.php?rest_route=\/wp\/v2\/posts"}],"about":[{"href":"https:\/\/formalprision.com\/index.php?rest_route=\/wp\/v2\/types\/post"}],"author":[{"embeddable":true,"href":"https:\/\/formalprision.com\/index.php?rest_route=\/wp\/v2\/users\/1"}],"replies":[{"embeddable":true,"href":"https:\/\/formalprision.com\/index.php?rest_route=%2Fwp%2Fv2%2Fcomments&post=76416"}],"version-history":[{"count":0,"href":"https:\/\/formalprision.com\/index.php?rest_route=\/wp\/v2\/posts\/76416\/revisions"}],"wp:featuredmedia":[{"embeddable":true,"href":"https:\/\/formalprision.com\/index.php?rest_route=\/wp\/v2\/media\/76417"}],"wp:attachment":[{"href":"https:\/\/formalprision.com\/index.php?rest_route=%2Fwp%2Fv2%2Fmedia&parent=76416"}],"wp:term":[{"taxonomy":"category","embeddable":true,"href":"https:\/\/formalprision.com\/index.php?rest_route=%2Fwp%2Fv2%2Fcategories&post=76416"},{"taxonomy":"post_tag","embeddable":true,"href":"https:\/\/formalprision.com\/index.php?rest_route=%2Fwp%2Fv2%2Ftags&post=76416"}],"curies":[{"name":"wp","href":"https:\/\/api.w.org\/{rel}","templated":true}]}}