{"id":7642,"date":"2011-11-13T02:56:00","date_gmt":"2011-11-13T02:56:00","guid":{"rendered":"http:\/\/formalprision.info\/2011\/11\/13\/asistente-de-la-alcaldesa-de-progreso\/"},"modified":"2015-06-03T08:54:46","modified_gmt":"2015-06-03T08:54:46","slug":"asistente-de-la-alcaldesa-de-progreso","status":"publish","type":"post","link":"https:\/\/formalprision.com\/?p=7642","title":{"rendered":"Asistente de la alcaldesa de Progreso agrede a periodista con la ayuda de su esposo"},"content":{"rendered":"<p><a href=\"http:\/\/1.bp.blogspot.com\/-v2xXrNhlGHA\/Tr8z1sidVzI\/AAAAAAAAEzw\/K78YuV_FgyI\/s1600\/aaaaescudo%2Bde%2Bla%2Bfiscalia.jpg\"><img decoding=\"async\" id=\"BLOGGER_PHOTO_ID_5674311053091886898\" style=\"FLOAT: left; MARGIN: 0px 10px 10px 0px; WIDTH: 320px; CURSOR: hand; HEIGHT: 318px\" alt=\"\" src=\"http:\/\/formalprision.com\/wp-content\/uploads\/2011\/11\/aaaaescudo-de-la-fiscalia7.jpg\" border=\"0\" \/><\/a><\/p>\n<div>En un intento de coartar la libertad de expresi\u00f3n, una funcionaria del Ayuntamiento de Progreso y su esposo, agredieron ayer al periodista Oscar P\u00e9rez Guillermo, a tan solo unos metros del palacio municipal.<\/div>\n<p><\/p>\n<div>La empleada de la Presidencia Municipal, Tere Uribe Magad\u00e1n y Jorge Ros\u00e9s Orozco, irrumpieron violentamente en la oficina del peri\u00f3dico ProgresoHoy.com, y mientras ella agred\u00eda verbalmente al periodista, \u00e9l lo hac\u00eda a golpes.<\/div>\n<div>La cobarde y artera agresi\u00f3n, se registr\u00f3 alrededor de las 2:30 de la tarde de ayer viernes dentro de las oficinas del peri\u00f3dico, ubicado en la calle 33&#215;80, frente al palacio municipal, cuando Jorge Ros\u00e9s Orozco se present\u00f3 para reclamar por la aparici\u00f3n de un comentario en donde seg\u00fan dijo, result\u00f3 ofendida su esposa Tere Uribe.<\/div>\n<p><\/p>\n<div>De inmediato se le explic\u00f3 que los comentarios que aparecen en las notas de ProgresoHoy.com, son realizados por los lectores.<\/div>\n<div>Tambi\u00e9n se le dijo que cada comentario que llega, incluso los que aparecen como \u00aban\u00f3nimos\u00bb quedan debidamente registrados bajo una ID \u00fanica y es perfectamente identificable. Tambi\u00e9n se le inform\u00f3 que el comentario pod\u00eda ser retirado.<\/div>\n<p><\/p>\n<div>En medio de su enojo, Jorge Ros\u00e9s tambi\u00e9n hizo menci\u00f3n a la fiesta clandestina de su hijo, de la que ampliamente se ha publicado informaci\u00f3n, d\u00edas atr\u00e1s. <\/div>\n<p><\/p>\n<div>Aunque se le invit\u00f3 a que se explicara y mostrara dicho comentario que al parecer llevaba impreso en un papel, el sujeto comenz\u00f3 a insultar al periodista y entr\u00f3 sin autorizaci\u00f3n al \u00e1rea restringida de las oficinas y se abalanz\u00f3 para golpear en varias ocasiones a P\u00e9rez Guillermo.<\/div>\n<p><\/p>\n<div>El periodista no contest\u00f3 la agresi\u00f3n y se limit\u00f3 a esquivar y evadir los golpes, al mismo tiempo que exigi\u00f3 a Jorge Ros\u00e9s a salir de las oficinas, pues hab\u00eda entrado sin autorizaci\u00f3n hasta el \u00e1rea restringida.<\/div>\n<p><\/p>\n<div>Una vez que se le sac\u00f3 de nuevo de la oficina, \u00e9ste sigui\u00f3 insultando insistiendo en el comentario contra su mujer.<\/div>\n<p><\/p>\n<div>Mientras \u00e9ste continuaba con las agresiones verbales detr\u00e1s del mostrador, se present\u00f3 a la oficina su esposa Tere Uribe Magad\u00e1n y el empleado de comunicaci\u00f3n social de la Comuna, Miguel Anguas P\u00e9rez, popularmente conocido como \u00abTomate\u00bb.<\/div>\n<p><\/p>\n<div>Visiblemente alterada y detr\u00e1s del mostrador y con su esposo al lado, Tere Uribe comenz\u00f3 la agresi\u00f3n verbalcontra el periodista por las notas publicadas en ProgresoHoy.com y por los comentarios de los lectores que aparecen dentro de las notas.<\/div>\n<p><\/p>\n<div>Mientras Miguel Anguas se manten\u00eda a la expectativa dentro de nuestra \u00e1rea de oficinas en la terraza, Tere Uribe sigui\u00f3 con sus reclamos e insultos, por lo que Jorge Ros\u00e9s aprovech\u00f3 un descuido para golpear nuevamente al reportero.Una vez m\u00e1s, conmin\u00e1ndolos al di\u00e1logo, \u00e9stos siguieron con sus insultos y reclamos, principalmente de parte de Jorge Ros\u00e9s, quien se retir\u00f3 diciendo \u00abpend\u2026. me vale ve\u2026.. lo que publiquen, me vale ve\u2026. lo que hagan\u2026\u00bb y otras m\u00e1s que son impublicables.<\/div>\n<p><\/p>\n<div>Tere Uribe, como se sabe, es madre del joven Jos\u00e9 Carlos Oliver Uribe, de quien publicamos es uno de los principales organizadores de una fiesta en la que se cobr\u00f3 una cuota de entrada y en la que hubo menores de edad a quienes se les ofrecieron bebidas alcoh\u00f3licas y que termin\u00f3 en una batalla campal con varios menores lesionados, incluyendo a uno herido con arma blanca (punz\u00f3n) en la mano.<\/div>\n<p><\/p>\n<div>el mismo Ayuntamiento confirm\u00f3 en voz de la Directora de Espect\u00e1culos, Elsy Ruz Campos, que dicha fiesta se hizo sin permisos, pero al mismo tiempo reconocieron que a pesar de que s\u00ed hubo presencia de polic\u00edas, no hubo detenidos, ni sanciones para los organizadores a pesar de que ofrecer bebidas alcoh\u00f3licas a menores de edad est\u00e1 catalogado en el C\u00f3digo Penal como corrupci\u00f3n de menores.<\/div>\n<p><\/p>\n<div>Al respecto, ni la Secretar\u00eda de Salud del Estado ni el Ayuntamiento tomaron cartas al respecto.<\/div>\n<p><\/p>\n<div>Estas informaciones fueron publicadas por ProgresoHoy.com y varios peri\u00f3dicos locales y estatales, as\u00ed como portales electr\u00f3nicos, pero las quejas y agresiones se han centrado sobre el peri\u00f3dico del puerto, con claras intenciones de denostar nuestro trabajo period\u00edstico, pues claramente han afectado intereses.<\/div>\n<p><\/p>\n<div>Hasta hoy, el Ayuntamiento no ha intervenido en el asunto, a pesar de que uno de los agresores es empleada de la Comuna<\/div>\n","protected":false},"excerpt":{"rendered":"<p>En un intento de coartar la libertad de expresi\u00f3n, una funcionaria del Ayuntamiento de Progreso y su esposo, agredieron ayer al periodista Oscar P\u00e9rez Guillermo, a tan solo unos metros<\/p>\n","protected":false},"author":1,"featured_media":25353,"comment_status":"open","ping_status":"open","sticky":false,"template":"","format":"standard","meta":{"jetpack_post_was_ever_published":false,"_jetpack_newsletter_access":"","_jetpack_dont_email_post_to_subs":false,"_jetpack_newsletter_tier_id":0,"_jetpack_memberships_contains_paywalled_content":false,"_jetpack_memberships_contains_paid_content":false,"footnotes":"","jetpack_publicize_message":"","jetpack_publicize_feature_enabled":true,"jetpack_social_post_already_shared":false,"jetpack_social_options":{"image_generator_settings":{"template":"highway","default_image_id":0,"font":"","enabled":false},"version":2}},"categories":[50,48,3,1],"tags":[],"class_list":["post-7642","post","type-post","status-publish","format-standard","has-post-thumbnail","hentry","category-machines","category-pecadoras","category-portada","category-sin-categoria"],"jetpack_publicize_connections":[],"jetpack_featured_media_url":"https:\/\/formalprision.com\/wp-content\/uploads\/2011\/11\/aaaaescudo-de-la-fiscalia7.jpg","jetpack_sharing_enabled":true,"jetpack_shortlink":"https:\/\/wp.me\/p6id8p-1Zg","_links":{"self":[{"href":"https:\/\/formalprision.com\/index.php?rest_route=\/wp\/v2\/posts\/7642","targetHints":{"allow":["GET"]}}],"collection":[{"href":"https:\/\/formalprision.com\/index.php?rest_route=\/wp\/v2\/posts"}],"about":[{"href":"https:\/\/formalprision.com\/index.php?rest_route=\/wp\/v2\/types\/post"}],"author":[{"embeddable":true,"href":"https:\/\/formalprision.com\/index.php?rest_route=\/wp\/v2\/users\/1"}],"replies":[{"embeddable":true,"href":"https:\/\/formalprision.com\/index.php?rest_route=%2Fwp%2Fv2%2Fcomments&post=7642"}],"version-history":[{"count":0,"href":"https:\/\/formalprision.com\/index.php?rest_route=\/wp\/v2\/posts\/7642\/revisions"}],"wp:featuredmedia":[{"embeddable":true,"href":"https:\/\/formalprision.com\/index.php?rest_route=\/wp\/v2\/media\/25353"}],"wp:attachment":[{"href":"https:\/\/formalprision.com\/index.php?rest_route=%2Fwp%2Fv2%2Fmedia&parent=7642"}],"wp:term":[{"taxonomy":"category","embeddable":true,"href":"https:\/\/formalprision.com\/index.php?rest_route=%2Fwp%2Fv2%2Fcategories&post=7642"},{"taxonomy":"post_tag","embeddable":true,"href":"https:\/\/formalprision.com\/index.php?rest_route=%2Fwp%2Fv2%2Ftags&post=7642"}],"curies":[{"name":"wp","href":"https:\/\/api.w.org\/{rel}","templated":true}]}}