{"id":76427,"date":"2020-02-07T21:59:02","date_gmt":"2020-02-08T02:59:02","guid":{"rendered":"http:\/\/formalprision.com\/?p=76427"},"modified":"2020-02-07T21:59:07","modified_gmt":"2020-02-08T02:59:07","slug":"jovenes-yucatecos-con-mas-oportunidades-de-intercambio-estudiantil-en-el-extranjero","status":"publish","type":"post","link":"https:\/\/formalprision.com\/?p=76427","title":{"rendered":"J\u00f3venes yucatecos con m\u00e1s oportunidades de intercambio estudiantil en el extranjero"},"content":{"rendered":"\n<p>M\u00e9rida, Yucat\u00e1n, 7 de febrero de 2020.- J\u00f3venes yucatecos que cursan la educaci\u00f3n superior tendr\u00e1n la oportunidad de mejorar su dominio en el idioma ingl\u00e9s en el extranjero, tras la de un convenio de colaboraci\u00f3n entre 9 universidades e institutos tecnol\u00f3gicos del estado y el Consejo Brit\u00e1nico de M\u00e9xico (British Council M\u00e9xico, en ingl\u00e9s).<\/p>\n\n\n\n<p>En el marco de la inauguraci\u00f3n del Centro de Educaci\u00f3n en L\u00ednea de Yucat\u00e1n (CELY), el gobernador Mauricio Vila Dosal firm\u00f3 como testigo de honor el acuerdo de cooperaci\u00f3n entre el representante del Consejo Brit\u00e1nico de M\u00e9xico, Rodrigo Bueno Romo y las Universidades de Oriente (UNO) y Tecnol\u00f3gicas Metropolitana (UTM), del Poniente, Regional del Sur, del Centro y del Mayab; as\u00ed como los Institutos Tecnol\u00f3gicos Superiores de Motul, Progreso y del Sur del estado.<\/p>\n\n\n\n<p>Durante el evento, se inform\u00f3 que los lazos establecidos con estas instituciones educativas ya rinden sus primeros frutos, pues 11 alumnos de diferentes municipios del estado que destacaron por dominar el idioma ingl\u00e9s en las instituciones donde estudian viajar\u00e1n para realizar una estancia, del 28 de febrero al 15 de marzo pr\u00f3ximos, en Cambridge, Reino Unido.<\/p>\n\n\n\n<p>Los alumnos que acudir\u00e1n al pa\u00eds brit\u00e1nico son \u00c1ngel David Escalante Vela y Aar\u00f3n Emanuel Pech Heredia del Instituto Tecnol\u00f3gico Superior de Progreso; Roger Ariel Lizama Garc\u00eda del Instituto Tecnol\u00f3gico Superior de Motul; Cecilia Guadalupe Jim\u00e9nez Romero y Eduardo Mart\u00edn Ricalde Ch\u00e9 del Instituto Tecnol\u00f3gico Superior de Valladolid.<\/p>\n\n\n\n<p>Tambi\u00e9n Jos\u00e9 Ricardo Chan Pech y Mike Jordan Santos Chabl\u00e9 de la Universidad Tecnol\u00f3gica Metropolitana (UTM), Carlos de Jes\u00fas Sosa K\u00fa y Didider Isaac Guti\u00e9rrez Yam de la Universidad Tecnol\u00f3gica de la Mayab; as\u00ed como Manuel Antonio Dzul Hern\u00e1ndez y Joan Alberto Canul P\u00e9rez de la Universidad Tecnol\u00f3gica Regional del Sur.<\/p>\n\n\n\n<p>Adem\u00e1s, producto de este convenio tambi\u00e9n se capacita a 141 docentes del idioma ingl\u00e9s, a trav\u00e9s de la educaci\u00f3n en l\u00ednea, para su certificaci\u00f3n en APTIS, un moderno, flexible y original sistema de evaluaci\u00f3n multinivel del ingl\u00e9s dise\u00f1ado para cubrir las distintas necesidades de personas y organizaciones de todo el mundo.<\/p>\n\n\n\n<p>Al dirigir un mensaje, Vila Dosal anunci\u00f3 que a trav\u00e9s de un trabajo en conjunto con el Consejo Brit\u00e1nico y la UADY se promover\u00e1 que un mayor n\u00famero de j\u00f3venes puedan viajar a este tipo de experiencias a Inglaterra, pero tambi\u00e9n se buscar\u00e1 que vayan a universidades de Estados Unidos y Canad\u00e1.<\/p>\n\n\n\n<p>La finalidad es que en el pr\u00f3ximo verano se entreguen m\u00e1s viajes al extranjero, con una meta de incrementar hasta 50 y 100 alumnos por a\u00f1o los que acudan a otros pa\u00edses, con el prop\u00f3sito de que al terminar nuestra administraci\u00f3n sean entre 350 y 500 j\u00f3venes los que hayan aprovechado la oportunidad de desarrollarse acad\u00e9micamente en otros pa\u00edses, manifest\u00f3 el Gobernador.<\/p>\n\n\n\n<p>Asimismo, Vila Dosal invit\u00f3 al rector de la UADY, Jos\u00e9 de Jes\u00fas Williams, a trabajar en conjunto en esta materia, a fin de ampliar los beneficios de este tipo de acuerdos de movilidad a los estudiantes de la m\u00e1xima casa de estudios yucateca para que tengan la oportunidad de completar su preparaci\u00f3n en otros pa\u00edses.<\/p>\n\n\n\n<p>De igual forma, el gobernador resalt\u00f3 la importancia de que estas oportunidades lleguen a j\u00f3venes que cursan licenciaturas e ingenier\u00edas relacionadas con la aeron\u00e1utica para que se preparen en Universidades de Gran Breta\u00f1a, por lo que pidi\u00f3 al Consejo Brit\u00e1nico continuar sumando esfuerzos con su administraci\u00f3n para que pueda ser un mayor n\u00famero de j\u00f3venes de diferentes \u00e1reas de estudio los que puedan tener esta experiencia.<\/p>\n\n\n\n<p>Record\u00f3 que Yucat\u00e1n est\u00e1 viviendo un importante crecimiento industrial y econ\u00f3mico que se refleja en rubros como la inversi\u00f3n extranjera que el a\u00f1o pasado increment\u00f3 un 102%, lo que quiere decir que empresas de otros pa\u00edses est\u00e1n llegando al territorio ofreciendo mejores salarios, pero requieren de personal altamente preparado y con dominio del idioma ingl\u00e9s.<\/p>\n\n\n\n<p>\u201cEsto es lo que necesitamos para seguir transformando Yucat\u00e1n, porque definitivamente nuestro mejor activo que tenemos es el capital humano, por lo que estamos dirigiendo los esfuerzos en formar a los j\u00f3venes para que ellos y sus familias tengan mejores posibilidades de salir adelante, tener un mejor salario y mejorar sus condiciones de vida\u201d, asever\u00f3. (Comunicado de Prensa)<\/p>\n","protected":false},"excerpt":{"rendered":"<p>M\u00e9rida, Yucat\u00e1n, 7 de febrero de 2020.- J\u00f3venes yucatecos que cursan la educaci\u00f3n superior tendr\u00e1n la oportunidad de mejorar su dominio en el idioma ingl\u00e9s en el extranjero, tras la<\/p>\n","protected":false},"author":1,"featured_media":76428,"comment_status":"open","ping_status":"open","sticky":false,"template":"","format":"standard","meta":{"jetpack_post_was_ever_published":false,"_jetpack_newsletter_access":"","_jetpack_dont_email_post_to_subs":false,"_jetpack_newsletter_tier_id":0,"_jetpack_memberships_contains_paywalled_content":false,"_jetpack_memberships_contains_paid_content":false,"footnotes":"","jetpack_publicize_message":"","jetpack_publicize_feature_enabled":true,"jetpack_social_post_already_shared":true,"jetpack_social_options":{"image_generator_settings":{"template":"highway","default_image_id":0,"font":"","enabled":false},"version":2}},"categories":[17],"tags":[],"class_list":["post-76427","post","type-post","status-publish","format-standard","has-post-thumbnail","hentry","category-politica-y-gobierno"],"jetpack_publicize_connections":[],"jetpack_featured_media_url":"https:\/\/formalprision.com\/wp-content\/uploads\/2020\/02\/20C1FD83-5A9B-47CA-91DF-E9DC24D363C9.jpeg","jetpack_sharing_enabled":true,"jetpack_shortlink":"https:\/\/wp.me\/p6id8p-jSH","_links":{"self":[{"href":"https:\/\/formalprision.com\/index.php?rest_route=\/wp\/v2\/posts\/76427","targetHints":{"allow":["GET"]}}],"collection":[{"href":"https:\/\/formalprision.com\/index.php?rest_route=\/wp\/v2\/posts"}],"about":[{"href":"https:\/\/formalprision.com\/index.php?rest_route=\/wp\/v2\/types\/post"}],"author":[{"embeddable":true,"href":"https:\/\/formalprision.com\/index.php?rest_route=\/wp\/v2\/users\/1"}],"replies":[{"embeddable":true,"href":"https:\/\/formalprision.com\/index.php?rest_route=%2Fwp%2Fv2%2Fcomments&post=76427"}],"version-history":[{"count":0,"href":"https:\/\/formalprision.com\/index.php?rest_route=\/wp\/v2\/posts\/76427\/revisions"}],"wp:featuredmedia":[{"embeddable":true,"href":"https:\/\/formalprision.com\/index.php?rest_route=\/wp\/v2\/media\/76428"}],"wp:attachment":[{"href":"https:\/\/formalprision.com\/index.php?rest_route=%2Fwp%2Fv2%2Fmedia&parent=76427"}],"wp:term":[{"taxonomy":"category","embeddable":true,"href":"https:\/\/formalprision.com\/index.php?rest_route=%2Fwp%2Fv2%2Fcategories&post=76427"},{"taxonomy":"post_tag","embeddable":true,"href":"https:\/\/formalprision.com\/index.php?rest_route=%2Fwp%2Fv2%2Ftags&post=76427"}],"curies":[{"name":"wp","href":"https:\/\/api.w.org\/{rel}","templated":true}]}}