{"id":76434,"date":"2020-02-08T01:29:37","date_gmt":"2020-02-08T06:29:37","guid":{"rendered":"http:\/\/formalprision.com\/?p=76434"},"modified":"2020-02-08T01:29:43","modified_gmt":"2020-02-08T06:29:43","slug":"chelem-y-chuburna-seran-la-sede-del-festival-de-la-veda-este-fin-de-semana","status":"publish","type":"post","link":"https:\/\/formalprision.com\/?p=76434","title":{"rendered":"Chelem y Chuburn\u00e1 ser\u00e1n la sede del Festival de la Veda este fin de semana"},"content":{"rendered":"\n<p>M\u00e9rida, Yucat\u00e1n, 7 de febrero de 2020.- Los puertos de Chelem y Chuburn\u00e1 ser\u00e1n sede este fin de semana del Festival de la Veda 2020, estrategia impulsada por el Gobernador Mauricio Vila Dosal para promover alternativas productivas que permitan apoyar la econom\u00eda de los pescadores durante la \u00e9poca en que se restringe la captura del mero en la entidad.<\/p>\n\n\n\n<p>Entre las actividades programadas en Chelem para ma\u00f1ana 8 de febrero se encuentra la firma de aut\u00f3grafos de los jugadores de f\u00fatbol, Venados FC, quienes acudir\u00e1n al puerto para convivir con los habitantes de ese puerto y visitantes, como parte de las actividades de este segundo fin de semana.<\/p>\n\n\n\n<p>Adem\u00e1s, durante ambos d\u00edas se realizar\u00e1n eventos culturales como Cine del mar, D\u00e9jame que te cuente, Teatrino de la prevenci\u00f3n y Feria de la prevenci\u00f3n, actividades que se traducen en una gran fiesta que promueve la convivencia familiar y el consumo de productos locales.<\/p>\n\n\n\n<p>De igual forma, como parte de las actividades ecotur\u00edsticas que se realizar\u00e1n en Chuburn\u00e1 Puerto ma\u00f1ana s\u00e1bado se encuentra la limpieza de duna y manglar, adem\u00e1s de contar con la pr\u00e1ctica deportiva de paramotor y kitesurf, como parte de la amplia gama de opciones tur\u00edsticas y de recreo que en este puerto se ofrecen.<\/p>\n\n\n\n<p>La jornada sabatina cerrar\u00e1 con la presentaci\u00f3n de Cus Cus Cirkus, un espect\u00e1culo que combina actos de magia, clown y malabarismo para deleite de los asistentes, as\u00ed como la presentaci\u00f3n de la Orquesta Jaranera y Danz\u00f3n para bailar en familia.<\/p>\n\n\n\n<p>Para el domingo 9 de febrero habr\u00e1 exhibici\u00f3n de flyboard y ultimate frisbee; pr\u00e1ctica de paramotor y kitesurf y, como actividad cultural, Cine del mar, todo con el objetivo de que hombres y mujeres del mar presten una gran variedad de servicios a fin de contar con otras formas de ingresos y generar derrama econ\u00f3mica en sus comunidades.<\/p>\n\n\n\n<p>Asimismo, durante los dos d\u00edas, en ambos puertos habr\u00e1 exposici\u00f3n de centros de hospedaje y bazar artesanal a cargo de los pescadores de la zona, mientras que restaurantes de la localidad, cocineras y pescadores realizar\u00e1n una muestra gastron\u00f3mica donde har\u00e1n gala de delicias culinarias para las familias yucatecas y visitantes de otros lugares del pa\u00eds y del mundo que lleguen a este punto de la costa yucateca. (Comunicado de Prensa)<\/p>\n","protected":false},"excerpt":{"rendered":"<p>M\u00e9rida, Yucat\u00e1n, 7 de febrero de 2020.- Los puertos de Chelem y Chuburn\u00e1 ser\u00e1n sede este fin de semana del Festival de la Veda 2020, estrategia impulsada por el Gobernador<\/p>\n","protected":false},"author":1,"featured_media":76435,"comment_status":"open","ping_status":"open","sticky":false,"template":"","format":"standard","meta":{"jetpack_post_was_ever_published":false,"_jetpack_newsletter_access":"","_jetpack_dont_email_post_to_subs":false,"_jetpack_newsletter_tier_id":0,"_jetpack_memberships_contains_paywalled_content":false,"_jetpack_memberships_contains_paid_content":false,"footnotes":"","jetpack_publicize_message":"","jetpack_publicize_feature_enabled":true,"jetpack_social_post_already_shared":true,"jetpack_social_options":{"image_generator_settings":{"template":"highway","default_image_id":0,"font":"","enabled":false},"version":2}},"categories":[17],"tags":[],"class_list":["post-76434","post","type-post","status-publish","format-standard","has-post-thumbnail","hentry","category-politica-y-gobierno"],"jetpack_publicize_connections":[],"jetpack_featured_media_url":"https:\/\/formalprision.com\/wp-content\/uploads\/2020\/02\/IMG_6534.jpg","jetpack_sharing_enabled":true,"jetpack_shortlink":"https:\/\/wp.me\/p6id8p-jSO","_links":{"self":[{"href":"https:\/\/formalprision.com\/index.php?rest_route=\/wp\/v2\/posts\/76434","targetHints":{"allow":["GET"]}}],"collection":[{"href":"https:\/\/formalprision.com\/index.php?rest_route=\/wp\/v2\/posts"}],"about":[{"href":"https:\/\/formalprision.com\/index.php?rest_route=\/wp\/v2\/types\/post"}],"author":[{"embeddable":true,"href":"https:\/\/formalprision.com\/index.php?rest_route=\/wp\/v2\/users\/1"}],"replies":[{"embeddable":true,"href":"https:\/\/formalprision.com\/index.php?rest_route=%2Fwp%2Fv2%2Fcomments&post=76434"}],"version-history":[{"count":0,"href":"https:\/\/formalprision.com\/index.php?rest_route=\/wp\/v2\/posts\/76434\/revisions"}],"wp:featuredmedia":[{"embeddable":true,"href":"https:\/\/formalprision.com\/index.php?rest_route=\/wp\/v2\/media\/76435"}],"wp:attachment":[{"href":"https:\/\/formalprision.com\/index.php?rest_route=%2Fwp%2Fv2%2Fmedia&parent=76434"}],"wp:term":[{"taxonomy":"category","embeddable":true,"href":"https:\/\/formalprision.com\/index.php?rest_route=%2Fwp%2Fv2%2Fcategories&post=76434"},{"taxonomy":"post_tag","embeddable":true,"href":"https:\/\/formalprision.com\/index.php?rest_route=%2Fwp%2Fv2%2Ftags&post=76434"}],"curies":[{"name":"wp","href":"https:\/\/api.w.org\/{rel}","templated":true}]}}