{"id":7644,"date":"2011-11-12T11:22:00","date_gmt":"2011-11-12T11:22:00","guid":{"rendered":"http:\/\/formalprision.info\/2011\/11\/12\/admite-el-vocero-del-gobierno-de\/"},"modified":"2015-06-03T08:54:47","modified_gmt":"2015-06-03T08:54:47","slug":"admite-el-vocero-del-gobierno-de","status":"publish","type":"post","link":"https:\/\/formalprision.com\/?p=7644","title":{"rendered":"Admite el vocero del gobierno de Yucat\u00e1n que hackearon la cuenta de Ivonne Ortega en Twitter"},"content":{"rendered":"<p><a href=\"http:\/\/3.bp.blogspot.com\/-tKfmERysOdo\/Tr5YrJcKk4I\/AAAAAAAAEzY\/wYy6d6dD9ZY\/s1600\/aaapobregober.PNG\"><img decoding=\"async\" id=\"BLOGGER_PHOTO_ID_5674070078825075586\" style=\"FLOAT: left; MARGIN: 0px 10px 10px 0px; WIDTH: 240px; CURSOR: hand; HEIGHT: 320px\" alt=\"\" src=\"http:\/\/formalprision.com\/wp-content\/uploads\/2011\/11\/aaapobregober.png\" border=\"0\" \/><\/a><\/p>\n<p><\/p>\n<div>El gobierno del Estado de Yucat\u00e1n admiti\u00f3 este d\u00eda que la cuenta de la gobernadora Ivonne Ortega Pacheco en Twitter fue hackeada en la madrugada.<\/div>\n<p><\/p>\n<div>El vocero del gobierno yucateco, Jes\u00fas Rivero C. inform\u00f3 de este hecho a trav\u00e9s de su cuenta personal de de Twitter.<\/div>\n<p><\/p>\n<div>A las 5: 13 de la madrugada, el vocero confirm\u00f3 en un tuit que \u00abla cuenta de la gobernadora ha sido hackeada. Ya se trabaja para solucionarlo\u00bb.<\/div>\n<p><\/p>\n<div>Hasta ese momento, el \u00fanico medio que hab\u00eda informado de esta situaci\u00f3n era <a href=\"http:\/\/formalprision.com\/\">www.formalprision.com<\/a><\/div>\n<p><\/p>\n<div>Al momento que el vocero del gobierno confirm\u00f3 la noticia, la cuenta de la gobernadora ya hab\u00eda sido liberada, pues los hackers enviaron su \u00faltimo mensaje desde la cuenta de la gobernanante poco antes de las 5 de la madrugada, cuando escribieron \u00abbye\u00bb.<\/div>\n<div><\/div>\n","protected":false},"excerpt":{"rendered":"<p>El gobierno del Estado de Yucat\u00e1n admiti\u00f3 este d\u00eda que la cuenta de la gobernadora Ivonne Ortega Pacheco en Twitter fue hackeada en la madrugada. El vocero del gobierno yucateco,<\/p>\n","protected":false},"author":1,"featured_media":25357,"comment_status":"open","ping_status":"open","sticky":false,"template":"","format":"standard","meta":{"jetpack_post_was_ever_published":false,"_jetpack_newsletter_access":"","_jetpack_dont_email_post_to_subs":false,"_jetpack_newsletter_tier_id":0,"_jetpack_memberships_contains_paywalled_content":false,"_jetpack_memberships_contains_paid_content":false,"footnotes":"","jetpack_publicize_message":"","jetpack_publicize_feature_enabled":true,"jetpack_social_post_already_shared":false,"jetpack_social_options":{"image_generator_settings":{"template":"highway","default_image_id":0,"font":"","enabled":false},"version":2}},"categories":[3,1,49,53],"tags":[],"class_list":["post-7644","post","type-post","status-publish","format-standard","has-post-thumbnail","hentry","category-portada","category-sin-categoria","category-tocho-morocho","category-yo-no-fui"],"jetpack_publicize_connections":[],"jetpack_featured_media_url":"https:\/\/formalprision.com\/wp-content\/uploads\/2011\/11\/aaapobregober.png","jetpack_sharing_enabled":true,"jetpack_shortlink":"https:\/\/wp.me\/p6id8p-1Zi","_links":{"self":[{"href":"https:\/\/formalprision.com\/index.php?rest_route=\/wp\/v2\/posts\/7644","targetHints":{"allow":["GET"]}}],"collection":[{"href":"https:\/\/formalprision.com\/index.php?rest_route=\/wp\/v2\/posts"}],"about":[{"href":"https:\/\/formalprision.com\/index.php?rest_route=\/wp\/v2\/types\/post"}],"author":[{"embeddable":true,"href":"https:\/\/formalprision.com\/index.php?rest_route=\/wp\/v2\/users\/1"}],"replies":[{"embeddable":true,"href":"https:\/\/formalprision.com\/index.php?rest_route=%2Fwp%2Fv2%2Fcomments&post=7644"}],"version-history":[{"count":0,"href":"https:\/\/formalprision.com\/index.php?rest_route=\/wp\/v2\/posts\/7644\/revisions"}],"wp:featuredmedia":[{"embeddable":true,"href":"https:\/\/formalprision.com\/index.php?rest_route=\/wp\/v2\/media\/25357"}],"wp:attachment":[{"href":"https:\/\/formalprision.com\/index.php?rest_route=%2Fwp%2Fv2%2Fmedia&parent=7644"}],"wp:term":[{"taxonomy":"category","embeddable":true,"href":"https:\/\/formalprision.com\/index.php?rest_route=%2Fwp%2Fv2%2Fcategories&post=7644"},{"taxonomy":"post_tag","embeddable":true,"href":"https:\/\/formalprision.com\/index.php?rest_route=%2Fwp%2Fv2%2Ftags&post=7644"}],"curies":[{"name":"wp","href":"https:\/\/api.w.org\/{rel}","templated":true}]}}