{"id":7652,"date":"2011-11-10T18:04:00","date_gmt":"2011-11-10T18:04:00","guid":{"rendered":"http:\/\/formalprision.info\/2011\/11\/10\/se-extravia-jardinero-de-84-anos-solo\/"},"modified":"2015-06-03T08:54:48","modified_gmt":"2015-06-03T08:54:48","slug":"se-extravia-jardinero-de-84-anos-solo","status":"publish","type":"post","link":"https:\/\/formalprision.com\/?p=7652","title":{"rendered":"Se extrav\u00eda jardinero de 84 a\u00f1os: solo llevaba una escoba y su morral"},"content":{"rendered":"<p><a href=\"http:\/\/1.bp.blogspot.com\/-rmvHpZEZobU\/TruHp_V0qvI\/AAAAAAAAEuM\/wu4lvM74W80\/s1600\/aaaestafoto.JPG\"><img decoding=\"async\" id=\"BLOGGER_PHOTO_ID_5673277311050623730\" style=\"FLOAT: left; MARGIN: 0px 10px 10px 0px; WIDTH: 229px; CURSOR: hand; HEIGHT: 320px\" alt=\"\" src=\"http:\/\/formalprision.com\/wp-content\/uploads\/2011\/11\/aaaestafoto.jpg\" border=\"0\" \/><\/a><\/p>\n<p><\/p>\n<div>La Polic\u00eda Municipal de M\u00e9rida solicita ayuda para localizar a un jardinero anciano que se extravi\u00f3 en esta ciudad.<\/div>\n<p><\/p>\n<div>Se trata de Paulino Medina Chan, de 84 a\u00f1os de edad, quien la \u00faltima vez que se le vi\u00f3 vest\u00eda pantal\u00f3n azul marino, camisa azul de cuadros en color verde; usa sombrero blanco, es jardinero de profesi\u00f3n y carga una escoba de jard\u00edn y un morral de sosquil.<\/div>\n<p><\/p>\n<div>Sali\u00f3 de su casa el 8 de noviembre a las 9:00 horas rumbo a la colonia Alem\u00e1n.<br \/>Cualquier informe con la Sra. Marlene Guadalupe Medina a los tel\u00e9fonos 9991-60 49 21, 9991-92 80 68, 9999\u201303 46 39 n\u00fameros de casa 2-12 52 54 y 9-43 28 16.<\/div>\n<div>Para mayor informaci\u00f3n a los n\u00fameros 942 00 70 y 942 00 69 de la Polic\u00eda Municipal de M\u00e9rida<\/div>\n<p><\/p>\n<div>La \u00fanica fotograf\u00eda que tienen sus familiares es la que acompa\u00f1a esta informaci\u00f3n, pero no est\u00e1 del todo clara porque se la tom\u00f3 hace muchos a\u00f1os.<\/div>\n<div><\/div>\n","protected":false},"excerpt":{"rendered":"<p>La Polic\u00eda Municipal de M\u00e9rida solicita ayuda para localizar a un jardinero anciano que se extravi\u00f3 en esta ciudad. Se trata de Paulino Medina Chan, de 84 a\u00f1os de edad,<\/p>\n","protected":false},"author":1,"featured_media":25373,"comment_status":"open","ping_status":"open","sticky":false,"template":"","format":"standard","meta":{"jetpack_post_was_ever_published":false,"_jetpack_newsletter_access":"","_jetpack_dont_email_post_to_subs":false,"_jetpack_newsletter_tier_id":0,"_jetpack_memberships_contains_paywalled_content":false,"_jetpack_memberships_contains_paid_content":false,"footnotes":"","jetpack_publicize_message":"","jetpack_publicize_feature_enabled":true,"jetpack_social_post_already_shared":false,"jetpack_social_options":{"image_generator_settings":{"template":"highway","default_image_id":0,"font":"","enabled":false},"version":2}},"categories":[3,58,1],"tags":[],"class_list":["post-7652","post","type-post","status-publish","format-standard","has-post-thumbnail","hentry","category-portada","category-rescates","category-sin-categoria"],"jetpack_publicize_connections":[],"jetpack_featured_media_url":"https:\/\/formalprision.com\/wp-content\/uploads\/2011\/11\/aaaestafoto.jpg","jetpack_sharing_enabled":true,"jetpack_shortlink":"https:\/\/wp.me\/p6id8p-1Zq","_links":{"self":[{"href":"https:\/\/formalprision.com\/index.php?rest_route=\/wp\/v2\/posts\/7652","targetHints":{"allow":["GET"]}}],"collection":[{"href":"https:\/\/formalprision.com\/index.php?rest_route=\/wp\/v2\/posts"}],"about":[{"href":"https:\/\/formalprision.com\/index.php?rest_route=\/wp\/v2\/types\/post"}],"author":[{"embeddable":true,"href":"https:\/\/formalprision.com\/index.php?rest_route=\/wp\/v2\/users\/1"}],"replies":[{"embeddable":true,"href":"https:\/\/formalprision.com\/index.php?rest_route=%2Fwp%2Fv2%2Fcomments&post=7652"}],"version-history":[{"count":0,"href":"https:\/\/formalprision.com\/index.php?rest_route=\/wp\/v2\/posts\/7652\/revisions"}],"wp:featuredmedia":[{"embeddable":true,"href":"https:\/\/formalprision.com\/index.php?rest_route=\/wp\/v2\/media\/25373"}],"wp:attachment":[{"href":"https:\/\/formalprision.com\/index.php?rest_route=%2Fwp%2Fv2%2Fmedia&parent=7652"}],"wp:term":[{"taxonomy":"category","embeddable":true,"href":"https:\/\/formalprision.com\/index.php?rest_route=%2Fwp%2Fv2%2Fcategories&post=7652"},{"taxonomy":"post_tag","embeddable":true,"href":"https:\/\/formalprision.com\/index.php?rest_route=%2Fwp%2Fv2%2Ftags&post=7652"}],"curies":[{"name":"wp","href":"https:\/\/api.w.org\/{rel}","templated":true}]}}