{"id":7654,"date":"2011-11-09T20:09:00","date_gmt":"2011-11-09T20:09:00","guid":{"rendered":"http:\/\/formalprision.info\/2011\/11\/09\/choca-en-su-suburban-ex-colaborador-de\/"},"modified":"2015-06-03T08:54:50","modified_gmt":"2015-06-03T08:54:50","slug":"choca-en-su-suburban-ex-colaborador-de","status":"publish","type":"post","link":"https:\/\/formalprision.com\/?p=7654","title":{"rendered":"Choca en su Suburb\u00e1n ex colaborador de Ana Rosa Pay\u00e1n"},"content":{"rendered":"<p><a href=\"http:\/\/2.bp.blogspot.com\/-AsytYBnMVOI\/TrrhfqiHbTI\/AAAAAAAAEuA\/97NBMshxf7s\/s1600\/aaaaeldeanarosa.jpg\"><img decoding=\"async\" id=\"BLOGGER_PHOTO_ID_5673094614736137522\" style=\"FLOAT: left; MARGIN: 0px 10px 10px 0px; WIDTH: 320px; CURSOR: hand; HEIGHT: 240px\" alt=\"\" src=\"http:\/\/formalprision.com\/wp-content\/uploads\/2011\/11\/aaaaeldeanarosa.jpg\" border=\"0\" \/><\/a><\/p>\n<p><\/p>\n<div>Carlos Hern\u00e1n Guti\u00e9rrez Ocampo, ex funcionario del Ayuntamiento de M\u00e9rida, se vio involucrado este d\u00eda en un aparatoso accidente de tr\u00e1nsito en la carretera a Progreso al ser colisionado el veh\u00edculo en que viajaba.<\/div>\n<div>Guti\u00e9rrez Ocampo se dirig\u00eda a Progreso, en donde dijo que construye la marina \u00abKarma\u00bb, que abrir\u00e1 sus puertas en diciembre pr\u00f3ximo.<\/div>\n<div>-Iba a Progreso cuando vi que el coche atraves\u00f3 la carretera, no me dio tiempo de nada, trat\u00e9 de esquivarlo pero me alcanz\u00f3 a golpear de frente con la parte trasera de su auto- coment\u00f3<\/div>\n<p><\/p>\n<div>Guti\u00e9rrez Ocampo fue director de administraci\u00f3n durante la gesti\u00f3n de la panista Ana Rosa Pay\u00e1n Cervera en la comuna meridana y coordinador de la Comisi\u00f3n Nacional para el Desarrollo de los Pueblos Ind\u00edgenas (CDI).<\/div>\n<p><\/p>\n<div>El aparatoso accidente se registr\u00f3 a las 10:30 de la ma\u00f1ana, a la altura del kil\u00f3metro 30, ya llegando al puerto, cuando un autom\u00f3vil VW que se dirig\u00eda a M\u00e9rida choc\u00f3 contra la Suburban del ex funcionario.<\/div>\n<p><\/p>\n<div>El accidente fue protagonizado por el joven Hugo Hern\u00e1ndez Sol\u00eds, hijo de conocidos restauranteros del puerto, cuando se dirig\u00eda a M\u00e9rida y dormit\u00f3 al volante de su autom\u00f3vil, atravesando la cuneta de la carretera y chocando contra la Suburban que iba a Progreso.<br \/>En una ambulancia fue llevado el joven conductor al CMA. (Con informaci\u00f3n del portal Progresohoy.com)<\/div>\n<div><\/div>\n","protected":false},"excerpt":{"rendered":"<p>Carlos Hern\u00e1n Guti\u00e9rrez Ocampo, ex funcionario del Ayuntamiento de M\u00e9rida, se vio involucrado este d\u00eda en un aparatoso accidente de tr\u00e1nsito en la carretera a Progreso al ser colisionado el<\/p>\n","protected":false},"author":1,"featured_media":25377,"comment_status":"open","ping_status":"open","sticky":false,"template":"","format":"standard","meta":{"jetpack_post_was_ever_published":false,"_jetpack_newsletter_access":"","_jetpack_dont_email_post_to_subs":false,"_jetpack_newsletter_tier_id":0,"_jetpack_memberships_contains_paywalled_content":false,"_jetpack_memberships_contains_paid_content":false,"footnotes":"","jetpack_publicize_message":"","jetpack_publicize_feature_enabled":true,"jetpack_social_post_already_shared":false,"jetpack_social_options":{"image_generator_settings":{"template":"highway","default_image_id":0,"font":"","enabled":false},"version":2}},"categories":[60,3,1],"tags":[],"class_list":["post-7654","post","type-post","status-publish","format-standard","has-post-thumbnail","hentry","category-cafres","category-portada","category-sin-categoria"],"jetpack_publicize_connections":[],"jetpack_featured_media_url":"https:\/\/formalprision.com\/wp-content\/uploads\/2011\/11\/aaaaeldeanarosa.jpg","jetpack_sharing_enabled":true,"jetpack_shortlink":"https:\/\/wp.me\/p6id8p-1Zs","_links":{"self":[{"href":"https:\/\/formalprision.com\/index.php?rest_route=\/wp\/v2\/posts\/7654","targetHints":{"allow":["GET"]}}],"collection":[{"href":"https:\/\/formalprision.com\/index.php?rest_route=\/wp\/v2\/posts"}],"about":[{"href":"https:\/\/formalprision.com\/index.php?rest_route=\/wp\/v2\/types\/post"}],"author":[{"embeddable":true,"href":"https:\/\/formalprision.com\/index.php?rest_route=\/wp\/v2\/users\/1"}],"replies":[{"embeddable":true,"href":"https:\/\/formalprision.com\/index.php?rest_route=%2Fwp%2Fv2%2Fcomments&post=7654"}],"version-history":[{"count":0,"href":"https:\/\/formalprision.com\/index.php?rest_route=\/wp\/v2\/posts\/7654\/revisions"}],"wp:featuredmedia":[{"embeddable":true,"href":"https:\/\/formalprision.com\/index.php?rest_route=\/wp\/v2\/media\/25377"}],"wp:attachment":[{"href":"https:\/\/formalprision.com\/index.php?rest_route=%2Fwp%2Fv2%2Fmedia&parent=7654"}],"wp:term":[{"taxonomy":"category","embeddable":true,"href":"https:\/\/formalprision.com\/index.php?rest_route=%2Fwp%2Fv2%2Fcategories&post=7654"},{"taxonomy":"post_tag","embeddable":true,"href":"https:\/\/formalprision.com\/index.php?rest_route=%2Fwp%2Fv2%2Ftags&post=7654"}],"curies":[{"name":"wp","href":"https:\/\/api.w.org\/{rel}","templated":true}]}}