{"id":7655,"date":"2011-11-09T19:33:00","date_gmt":"2011-11-09T19:33:00","guid":{"rendered":"http:\/\/formalprision.info\/2011\/11\/09\/vecino-de-pena-nieto-con-trastornos-en\/"},"modified":"2015-06-03T08:54:50","modified_gmt":"2015-06-03T08:54:50","slug":"vecino-de-pena-nieto-con-trastornos-en","status":"publish","type":"post","link":"https:\/\/formalprision.com\/?p=7655","title":{"rendered":"Vecino de Pe\u00f1a Nieto con trastornos en la cabeza busca a su familia en M\u00e9rida"},"content":{"rendered":"<p><a href=\"http:\/\/4.bp.blogspot.com\/-MfpkqBNLhEc\/TrrI2E7PnHI\/AAAAAAAAEt0\/YRtcMugFQGQ\/s1600\/aaape%25C3%25B1a%2Bnieto.JPG\"><img decoding=\"async\" id=\"BLOGGER_PHOTO_ID_5673067511987281010\" style=\"FLOAT: left; MARGIN: 0px 10px 10px 0px; WIDTH: 240px; CURSOR: hand; HEIGHT: 320px\" alt=\"\" src=\"http:\/\/formalprision.com\/wp-content\/uploads\/2011\/11\/aaape%C3%B1a-nieto.jpg\" border=\"0\" \/><\/a><\/p>\n<div>Un vecino de la tierra de Enrique Pe\u00f1a Nieto con trastornos en la cabeza anda extraviado por M\u00e9rida.<\/div>\n<p><\/p>\n<div>En realidad los que est\u00e1n extraviados son sus familiares porque \u00e9l se encuentra en espera de ellos en las instalaciones de la Polic\u00eda Municipald e M\u00e9rida.<\/div>\n<p><\/p>\n<div>Adrian Regalado Rocha de 25 a\u00f1os de edad, oriundo de la Ciudad de M\u00e9xico., fue encontrado demabulando y lllevado a esa corporacio\u00f3n.<\/div>\n<p><\/p>\n<div>Dijo que lleg\u00f3 en b\u00fasqueda de su madre, la se\u00f1ora Teresa Regalado Rocha y de su t\u00eda Laura Regalado Rocha, ya que \u00e9l padece problemas de trastorno siqui\u00e1trico.<\/div>\n<p><\/p>\n<div>Esta persona se encuentra en las instalaciones de la Polic\u00eda Municipal de M\u00e9rida para la localizaci\u00f3n de su familiar.<\/div>\n<p><\/p>\n<div>Para mayor informaci\u00f3n a los n\u00fameros 942 00 70 y 942 00 69.<\/div>\n","protected":false},"excerpt":{"rendered":"<p>Un vecino de la tierra de Enrique Pe\u00f1a Nieto con trastornos en la cabeza anda extraviado por M\u00e9rida. En realidad los que est\u00e1n extraviados son sus familiares porque \u00e9l se<\/p>\n","protected":false},"author":1,"featured_media":25379,"comment_status":"open","ping_status":"open","sticky":false,"template":"","format":"standard","meta":{"jetpack_post_was_ever_published":false,"_jetpack_newsletter_access":"","_jetpack_dont_email_post_to_subs":false,"_jetpack_newsletter_tier_id":0,"_jetpack_memberships_contains_paywalled_content":false,"_jetpack_memberships_contains_paid_content":false,"footnotes":"","jetpack_publicize_message":"","jetpack_publicize_feature_enabled":true,"jetpack_social_post_already_shared":false,"jetpack_social_options":{"image_generator_settings":{"template":"highway","default_image_id":0,"font":"","enabled":false},"version":2}},"categories":[3,58,1],"tags":[],"class_list":["post-7655","post","type-post","status-publish","format-standard","has-post-thumbnail","hentry","category-portada","category-rescates","category-sin-categoria"],"jetpack_publicize_connections":[],"jetpack_featured_media_url":"https:\/\/formalprision.com\/wp-content\/uploads\/2011\/11\/aaape%C3%B1a-nieto.jpg","jetpack_sharing_enabled":true,"jetpack_shortlink":"https:\/\/wp.me\/p6id8p-1Zt","_links":{"self":[{"href":"https:\/\/formalprision.com\/index.php?rest_route=\/wp\/v2\/posts\/7655","targetHints":{"allow":["GET"]}}],"collection":[{"href":"https:\/\/formalprision.com\/index.php?rest_route=\/wp\/v2\/posts"}],"about":[{"href":"https:\/\/formalprision.com\/index.php?rest_route=\/wp\/v2\/types\/post"}],"author":[{"embeddable":true,"href":"https:\/\/formalprision.com\/index.php?rest_route=\/wp\/v2\/users\/1"}],"replies":[{"embeddable":true,"href":"https:\/\/formalprision.com\/index.php?rest_route=%2Fwp%2Fv2%2Fcomments&post=7655"}],"version-history":[{"count":0,"href":"https:\/\/formalprision.com\/index.php?rest_route=\/wp\/v2\/posts\/7655\/revisions"}],"wp:featuredmedia":[{"embeddable":true,"href":"https:\/\/formalprision.com\/index.php?rest_route=\/wp\/v2\/media\/25379"}],"wp:attachment":[{"href":"https:\/\/formalprision.com\/index.php?rest_route=%2Fwp%2Fv2%2Fmedia&parent=7655"}],"wp:term":[{"taxonomy":"category","embeddable":true,"href":"https:\/\/formalprision.com\/index.php?rest_route=%2Fwp%2Fv2%2Fcategories&post=7655"},{"taxonomy":"post_tag","embeddable":true,"href":"https:\/\/formalprision.com\/index.php?rest_route=%2Fwp%2Fv2%2Ftags&post=7655"}],"curies":[{"name":"wp","href":"https:\/\/api.w.org\/{rel}","templated":true}]}}