{"id":7677,"date":"2011-11-02T23:39:00","date_gmt":"2011-11-02T23:39:00","guid":{"rendered":"http:\/\/formalprision.info\/2011\/11\/02\/malandrin-progreseno-hiere-dos-personas\/"},"modified":"2015-06-03T08:54:54","modified_gmt":"2015-06-03T08:54:54","slug":"malandrin-progreseno-hiere-dos-personas","status":"publish","type":"post","link":"https:\/\/formalprision.com\/?p=7677","title":{"rendered":"Malandr\u00edn progrese\u00f1o hiere a dos personas  con una coa"},"content":{"rendered":"<p><a href=\"http:\/\/2.bp.blogspot.com\/-_6kjaJNyRzM\/TrGeUzufJ4I\/AAAAAAAAEps\/yQbu6trbwyE\/s1600\/aaaasitelameto.JPG\"><img decoding=\"async\" id=\"BLOGGER_PHOTO_ID_5670487486155925378\" style=\"FLOAT: left; MARGIN: 0px 10px 10px 0px; WIDTH: 320px; CURSOR: hand; HEIGHT: 240px\" alt=\"\" src=\"http:\/\/formalprision.com\/wp-content\/uploads\/2011\/11\/aaaasitelameto.jpg\" border=\"0\" \/><\/a><\/p>\n<div>Agentes de la Polic\u00eda de Progreso detuvieron a un sujeto que lesiono con una coa a dos vecinos del puerto. Otro agresor logr\u00f3e scapar<\/div>\n<p><\/p>\n<div>Los hechos ocurrieron a las 11:40 horas en la calle 124 por 126, donde WILBERTH OSSYEL MAGARI\u00d1O BALDERA y otro sujeto que se dio a la fuga hirieron con arma blanca a <\/div>\n<p><\/p>\n<div>WILBERTH USCANGA TEJERA de 45 a\u00f1os de edad, quien present\u00f3 una herida cortante en el p\u00f3mulo derecho y al menor M.U.R, de 16 a\u00f1os de edad, quien presentaba una herida cortante a la altura del labio superior.<\/div>\n<div>Los heridos dijeron desconocer la raz\u00f3n de la agresi\u00f3n.<\/div>\n<p><\/p>\n<div>Los quejosos describieron a sus agresores, un sujeto moreno, vestido con camisa blanca y short caf\u00e9 y a otro a quien conocen como \u201cel Johan\u201d, se\u00f1alando que \u00e9stos se hab\u00edan dado a la fuga en dos veh\u00edculos, uno de la marca Toyota, tipo Tacoma, color azul y otro, marca Chrysler, tipo Stratus, color blanco, el primero con direcci\u00f3n a la ciudad M\u00e9rida y el segundo hacia la carretera a Chicxulub puerto.<br \/>Posteriormente se logr\u00f3 la detenci\u00f3n de WILBERTH OSSYEL MAGARI\u00d1O BALDERAS, de 21 a\u00f1os de edad con domicilio en el Fraccionamiento Campestre Flamboyanes, quien fue localizado en un predio ubicado en la calle 29 por 26 de la colonia Benito Ju\u00e1rez, al parecer domicilio de un familiar.<\/div>\n<p><\/p>\n<div>El sujeto que logro darse a la fuga responde al nombre de JOHAN AGUILERA MAGARI\u00d1O alias el \u201cJohan\u201d de 23 a\u00f1os de edad, vecino del Fraccionamiento Campestre Flamboyanes.<\/div>\n<p><\/p>\n<div><\/div>\n","protected":false},"excerpt":{"rendered":"<p>Agentes de la Polic\u00eda de Progreso detuvieron a un sujeto que lesiono con una coa a dos vecinos del puerto. Otro agresor logr\u00f3e scapar Los hechos ocurrieron a las 11:40<\/p>\n","protected":false},"author":1,"featured_media":25422,"comment_status":"open","ping_status":"open","sticky":false,"template":"","format":"standard","meta":{"jetpack_post_was_ever_published":false,"_jetpack_newsletter_access":"","_jetpack_dont_email_post_to_subs":false,"_jetpack_newsletter_tier_id":0,"_jetpack_memberships_contains_paywalled_content":false,"_jetpack_memberships_contains_paid_content":false,"footnotes":"","jetpack_publicize_message":"","jetpack_publicize_feature_enabled":true,"jetpack_social_post_already_shared":false,"jetpack_social_options":{"image_generator_settings":{"template":"highway","default_image_id":0,"font":"","enabled":false},"version":2}},"categories":[45,3,1],"tags":[],"class_list":["post-7677","post","type-post","status-publish","format-standard","has-post-thumbnail","hentry","category-delincuentes-vip","category-portada","category-sin-categoria"],"jetpack_publicize_connections":[],"jetpack_featured_media_url":"https:\/\/formalprision.com\/wp-content\/uploads\/2011\/11\/aaaasitelameto.jpg","jetpack_sharing_enabled":true,"jetpack_shortlink":"https:\/\/wp.me\/p6id8p-1ZP","_links":{"self":[{"href":"https:\/\/formalprision.com\/index.php?rest_route=\/wp\/v2\/posts\/7677","targetHints":{"allow":["GET"]}}],"collection":[{"href":"https:\/\/formalprision.com\/index.php?rest_route=\/wp\/v2\/posts"}],"about":[{"href":"https:\/\/formalprision.com\/index.php?rest_route=\/wp\/v2\/types\/post"}],"author":[{"embeddable":true,"href":"https:\/\/formalprision.com\/index.php?rest_route=\/wp\/v2\/users\/1"}],"replies":[{"embeddable":true,"href":"https:\/\/formalprision.com\/index.php?rest_route=%2Fwp%2Fv2%2Fcomments&post=7677"}],"version-history":[{"count":0,"href":"https:\/\/formalprision.com\/index.php?rest_route=\/wp\/v2\/posts\/7677\/revisions"}],"wp:featuredmedia":[{"embeddable":true,"href":"https:\/\/formalprision.com\/index.php?rest_route=\/wp\/v2\/media\/25422"}],"wp:attachment":[{"href":"https:\/\/formalprision.com\/index.php?rest_route=%2Fwp%2Fv2%2Fmedia&parent=7677"}],"wp:term":[{"taxonomy":"category","embeddable":true,"href":"https:\/\/formalprision.com\/index.php?rest_route=%2Fwp%2Fv2%2Fcategories&post=7677"},{"taxonomy":"post_tag","embeddable":true,"href":"https:\/\/formalprision.com\/index.php?rest_route=%2Fwp%2Fv2%2Ftags&post=7677"}],"curies":[{"name":"wp","href":"https:\/\/api.w.org\/{rel}","templated":true}]}}