{"id":7684,"date":"2011-10-31T19:56:00","date_gmt":"2011-10-31T19:56:00","guid":{"rendered":"http:\/\/formalprision.info\/2011\/10\/31\/muere-y-se-pudre-anciano-de-92-anos-sus\/"},"modified":"2015-06-03T08:54:55","modified_gmt":"2015-06-03T08:54:55","slug":"muere-y-se-pudre-anciano-de-92-anos-sus","status":"publish","type":"post","link":"https:\/\/formalprision.com\/?p=7684","title":{"rendered":"Muere y se pudre anciano de 92 a\u00f1os: sus hijos no lo visitaban"},"content":{"rendered":"<p><a href=\"http:\/\/4.bp.blogspot.com\/-eytEmyQ5U8M\/Tq4Bna3e46I\/AAAAAAAAEoA\/M5v-JgRdiQA\/s1600\/aaaaescudo%2Bde%2Bla%2Bfiscalia.jpg\"><img decoding=\"async\" id=\"BLOGGER_PHOTO_ID_5669470757644592034\" style=\"FLOAT: left; MARGIN: 0px 10px 10px 0px; WIDTH: 320px; CURSOR: hand; HEIGHT: 318px\" alt=\"\" src=\"http:\/\/formalprision.com\/wp-content\/uploads\/2011\/10\/aaaaescudo-de-la-fiscalia.jpg\" border=\"0\" \/><\/a><\/p>\n<div>El abandono en que se encuentran algunos ancianos en M\u00e9rida qued\u00f3 de manifiesto este fin de semana cuando uno de ellos, de 92 a\u00f1os de edad, Muri\u00f3 solo, abandonado y sin que nadie le prestara ayuda.<\/div>\n<p><\/p>\n<div>Una de sus hijas admiti\u00f3 que no lo ve\u00eda con frecuencia, incluso dijo que ten\u00eda un mes que no lo visitaba hasta que le avisaron que en la casa que habitaba se sent\u00eda un mal olor desde hac\u00eda varios d\u00edas.<\/div>\n<p><\/p>\n<div>El deceso fue en el predio Num. 502-N de la calle . 38 entre 61 y 63 del Centro.<\/div>\n<p><\/p>\n<div>NICOLAS PARDENILLA FRANCO, de 92 a\u00f1os de edad, ya estaba en estado de descomposici\u00f3n.<\/div>\n<p><\/p>\n<div>Identifico el cad\u00e1ver Dalina Ulanova Pardenilla Paz, hija del ahora occiso, manifestando que desde hace un mes que no ve\u00eda a su padre que estaba enfermo del coraz\u00f3n y ayer un vecino le dio aviso que en el cuarto de su padre se sent\u00eda un olor pestilente, por lo que dieron aviso a las autoridades y al acudir lo hallaron muerto.<\/div>\n","protected":false},"excerpt":{"rendered":"<p>El abandono en que se encuentran algunos ancianos en M\u00e9rida qued\u00f3 de manifiesto este fin de semana cuando uno de ellos, de 92 a\u00f1os de edad, Muri\u00f3 solo, abandonado y<\/p>\n","protected":false},"author":1,"featured_media":25436,"comment_status":"open","ping_status":"open","sticky":false,"template":"","format":"standard","meta":{"jetpack_post_was_ever_published":false,"_jetpack_newsletter_access":"","_jetpack_dont_email_post_to_subs":false,"_jetpack_newsletter_tier_id":0,"_jetpack_memberships_contains_paywalled_content":false,"_jetpack_memberships_contains_paid_content":false,"footnotes":"","jetpack_publicize_message":"","jetpack_publicize_feature_enabled":true,"jetpack_social_post_already_shared":false,"jetpack_social_options":{"image_generator_settings":{"template":"highway","default_image_id":0,"font":"","enabled":false},"version":2}},"categories":[44,3,1],"tags":[],"class_list":["post-7684","post","type-post","status-publish","format-standard","has-post-thumbnail","hentry","category-morgue","category-portada","category-sin-categoria"],"jetpack_publicize_connections":[],"jetpack_featured_media_url":"https:\/\/formalprision.com\/wp-content\/uploads\/2011\/10\/aaaaescudo-de-la-fiscalia.jpg","jetpack_sharing_enabled":true,"jetpack_shortlink":"https:\/\/wp.me\/p6id8p-1ZW","_links":{"self":[{"href":"https:\/\/formalprision.com\/index.php?rest_route=\/wp\/v2\/posts\/7684","targetHints":{"allow":["GET"]}}],"collection":[{"href":"https:\/\/formalprision.com\/index.php?rest_route=\/wp\/v2\/posts"}],"about":[{"href":"https:\/\/formalprision.com\/index.php?rest_route=\/wp\/v2\/types\/post"}],"author":[{"embeddable":true,"href":"https:\/\/formalprision.com\/index.php?rest_route=\/wp\/v2\/users\/1"}],"replies":[{"embeddable":true,"href":"https:\/\/formalprision.com\/index.php?rest_route=%2Fwp%2Fv2%2Fcomments&post=7684"}],"version-history":[{"count":0,"href":"https:\/\/formalprision.com\/index.php?rest_route=\/wp\/v2\/posts\/7684\/revisions"}],"wp:featuredmedia":[{"embeddable":true,"href":"https:\/\/formalprision.com\/index.php?rest_route=\/wp\/v2\/media\/25436"}],"wp:attachment":[{"href":"https:\/\/formalprision.com\/index.php?rest_route=%2Fwp%2Fv2%2Fmedia&parent=7684"}],"wp:term":[{"taxonomy":"category","embeddable":true,"href":"https:\/\/formalprision.com\/index.php?rest_route=%2Fwp%2Fv2%2Fcategories&post=7684"},{"taxonomy":"post_tag","embeddable":true,"href":"https:\/\/formalprision.com\/index.php?rest_route=%2Fwp%2Fv2%2Ftags&post=7684"}],"curies":[{"name":"wp","href":"https:\/\/api.w.org\/{rel}","templated":true}]}}