{"id":7686,"date":"2011-10-31T16:58:00","date_gmt":"2011-10-31T16:58:00","guid":{"rendered":"http:\/\/formalprision.info\/2011\/10\/31\/lo-atropella-su-propio-amigo-en-un-mini\/"},"modified":"2015-06-03T08:54:55","modified_gmt":"2015-06-03T08:54:55","slug":"lo-atropella-su-propio-amigo-en-un-mini","status":"publish","type":"post","link":"https:\/\/formalprision.com\/?p=7686","title":{"rendered":"Lo atropella su propio amigo en un Mini Cooper"},"content":{"rendered":"<p><a href=\"http:\/\/1.bp.blogspot.com\/-WGSdl5p8lkk\/Tq4FijVWBGI\/AAAAAAAAEoY\/rq-ibPY5Smo\/s1600\/aaaaescudo%2Bde%2Bla%2Bfiscalia.jpg\"><img decoding=\"async\" id=\"BLOGGER_PHOTO_ID_5669475072064488546\" style=\"FLOAT: left; MARGIN: 0px 10px 10px 0px; WIDTH: 320px; CURSOR: hand; HEIGHT: 318px\" alt=\"\" src=\"http:\/\/formalprision.com\/wp-content\/uploads\/2011\/10\/aaaaescudo-de-la-fiscalia1.jpg\" border=\"0\" \/><\/a><\/p>\n<p><\/p>\n<div>Un accidente raro y curioso se registr\u00f3 el fin de semana en el fraccionamiento Los Pinos, donde un adolescente de 15 a\u00f1os fue atropellado por su propio amigo con el que iba a dar una vuelta.<br \/>C.R.P.A. de 15 a\u00f1os de edad y vecino de la colonia Leandro Valle, fue llevado al Centro M\u00e9dico T-1 del IMSS.<br \/>El mismo dijo que a las 01:30 horas de ayer, cuando se encontraba en el domicilio de un amigo el fraccionamiento Los Pinos, intent\u00f3 cruzar la calle y fue atropellado por un veh\u00edculo de la marca BMW, tipo Mini Cooper de color Rojo, conducido por su amigo, Javier (a) \u201cCubano\u201d, el cual lleg\u00f3 a buscarlo y debido al golpe perdi\u00f3 el conocimiento.<br \/>Presenta policontusiones y herida en frente.<br \/>La Fiscal\u00eda ya investiga el caso para determinar si as\u00ed realmente sucedi\u00f3.<\/div>\n","protected":false},"excerpt":{"rendered":"<p>Un accidente raro y curioso se registr\u00f3 el fin de semana en el fraccionamiento Los Pinos, donde un adolescente de 15 a\u00f1os fue atropellado por su propio amigo con el<\/p>\n","protected":false},"author":1,"featured_media":25440,"comment_status":"open","ping_status":"open","sticky":false,"template":"","format":"standard","meta":{"jetpack_post_was_ever_published":false,"_jetpack_newsletter_access":"","_jetpack_dont_email_post_to_subs":false,"_jetpack_newsletter_tier_id":0,"_jetpack_memberships_contains_paywalled_content":false,"_jetpack_memberships_contains_paid_content":false,"footnotes":"","jetpack_publicize_message":"","jetpack_publicize_feature_enabled":true,"jetpack_social_post_already_shared":false,"jetpack_social_options":{"image_generator_settings":{"template":"highway","default_image_id":0,"font":"","enabled":false},"version":2}},"categories":[60,3,1],"tags":[],"class_list":["post-7686","post","type-post","status-publish","format-standard","has-post-thumbnail","hentry","category-cafres","category-portada","category-sin-categoria"],"jetpack_publicize_connections":[],"jetpack_featured_media_url":"https:\/\/formalprision.com\/wp-content\/uploads\/2011\/10\/aaaaescudo-de-la-fiscalia1.jpg","jetpack_sharing_enabled":true,"jetpack_shortlink":"https:\/\/wp.me\/p6id8p-1ZY","_links":{"self":[{"href":"https:\/\/formalprision.com\/index.php?rest_route=\/wp\/v2\/posts\/7686","targetHints":{"allow":["GET"]}}],"collection":[{"href":"https:\/\/formalprision.com\/index.php?rest_route=\/wp\/v2\/posts"}],"about":[{"href":"https:\/\/formalprision.com\/index.php?rest_route=\/wp\/v2\/types\/post"}],"author":[{"embeddable":true,"href":"https:\/\/formalprision.com\/index.php?rest_route=\/wp\/v2\/users\/1"}],"replies":[{"embeddable":true,"href":"https:\/\/formalprision.com\/index.php?rest_route=%2Fwp%2Fv2%2Fcomments&post=7686"}],"version-history":[{"count":0,"href":"https:\/\/formalprision.com\/index.php?rest_route=\/wp\/v2\/posts\/7686\/revisions"}],"wp:featuredmedia":[{"embeddable":true,"href":"https:\/\/formalprision.com\/index.php?rest_route=\/wp\/v2\/media\/25440"}],"wp:attachment":[{"href":"https:\/\/formalprision.com\/index.php?rest_route=%2Fwp%2Fv2%2Fmedia&parent=7686"}],"wp:term":[{"taxonomy":"category","embeddable":true,"href":"https:\/\/formalprision.com\/index.php?rest_route=%2Fwp%2Fv2%2Fcategories&post=7686"},{"taxonomy":"post_tag","embeddable":true,"href":"https:\/\/formalprision.com\/index.php?rest_route=%2Fwp%2Fv2%2Ftags&post=7686"}],"curies":[{"name":"wp","href":"https:\/\/api.w.org\/{rel}","templated":true}]}}