{"id":7688,"date":"2011-10-30T01:46:00","date_gmt":"2011-10-30T01:46:00","guid":{"rendered":"http:\/\/formalprision.info\/2011\/10\/30\/identifican-uno-de-los-albaniles\/"},"modified":"2015-06-03T08:54:55","modified_gmt":"2015-06-03T08:54:55","slug":"identifican-uno-de-los-albaniles","status":"publish","type":"post","link":"https:\/\/formalprision.com\/?p=7688","title":{"rendered":"Identifican a uno de los alba\u00f1iles muertos en el Perif\u00e9rico"},"content":{"rendered":"<p><a href=\"http:\/\/4.bp.blogspot.com\/-FvjX4vh-WAM\/TqytwipfnII\/AAAAAAAAEnQ\/ixy6w5WN9o4\/s1600\/aaaaasemurironlosa%25C3%25B1basc.jpg\"><img decoding=\"async\" id=\"BLOGGER_PHOTO_ID_5669097080398781570\" style=\"FLOAT: left; MARGIN: 0px 10px 10px 0px; WIDTH: 320px; CURSOR: hand; HEIGHT: 240px\" alt=\"\" src=\"http:\/\/formalprision.com\/wp-content\/uploads\/2011\/10\/aaaaasemurironlosa%C3%B1basc.jpg\" border=\"0\" \/><\/a><\/p>\n<p><\/p>\n<div>La Fiscal\u00eda General del Estado inform\u00f3 que fue identificado uno de los dos alba\u00f1iles muertos esta ma\u00f1ana en el Perif\u00e9rico.<\/div>\n<div>Se trata de JUAN MARTIN ORTIZ, de 38 a\u00f1os, quien ten\u00eda su domicilio e n la calle 17 Num. 543 x 18 y 16 de la col. Amalia Sol\u00f3rzano.<\/div>\n<div>Se le identific\u00f3 con la credencial de elector que llevaba en el pantal\u00f3n.<\/div>\n<div>El otro no ha sido identificado, pero era de complexi\u00f3n media, cabello negro, cejas normales, frente amplia, nariz redonda, boca grande, labios delgados ojos caf\u00e9s, tez. moreno claro, barba y bigote rasurado, ment\u00f3n cuadrado, vest\u00eda un short de mezclilla y una playera. <\/div>\n<div>Se inform\u00f3 que ambos iban en una bicicleta marca jaguar, de color azul.<\/div>\n<div>Tabi\u00e9n se confirm\u00f3 que se hall\u00f3 la facia de un veh\u00edculo con una placa vehicular ZAH-4638.. correspondiente al Audi que atropell\u00f3 a los alba\u00f1iles.<\/div>\n<div><\/div>\n","protected":false},"excerpt":{"rendered":"<p>La Fiscal\u00eda General del Estado inform\u00f3 que fue identificado uno de los dos alba\u00f1iles muertos esta ma\u00f1ana en el Perif\u00e9rico. Se trata de JUAN MARTIN ORTIZ, de 38 a\u00f1os, quien<\/p>\n","protected":false},"author":1,"featured_media":25444,"comment_status":"open","ping_status":"open","sticky":false,"template":"","format":"standard","meta":{"jetpack_post_was_ever_published":false,"_jetpack_newsletter_access":"","_jetpack_dont_email_post_to_subs":false,"_jetpack_newsletter_tier_id":0,"_jetpack_memberships_contains_paywalled_content":false,"_jetpack_memberships_contains_paid_content":false,"footnotes":"","jetpack_publicize_message":"","jetpack_publicize_feature_enabled":true,"jetpack_social_post_already_shared":false,"jetpack_social_options":{"image_generator_settings":{"template":"highway","default_image_id":0,"font":"","enabled":false},"version":2}},"categories":[44,3,1],"tags":[],"class_list":["post-7688","post","type-post","status-publish","format-standard","has-post-thumbnail","hentry","category-morgue","category-portada","category-sin-categoria"],"jetpack_publicize_connections":[],"jetpack_featured_media_url":"https:\/\/formalprision.com\/wp-content\/uploads\/2011\/10\/aaaaasemurironlosa%C3%B1basc.jpg","jetpack_sharing_enabled":true,"jetpack_shortlink":"https:\/\/wp.me\/p6id8p-200","_links":{"self":[{"href":"https:\/\/formalprision.com\/index.php?rest_route=\/wp\/v2\/posts\/7688","targetHints":{"allow":["GET"]}}],"collection":[{"href":"https:\/\/formalprision.com\/index.php?rest_route=\/wp\/v2\/posts"}],"about":[{"href":"https:\/\/formalprision.com\/index.php?rest_route=\/wp\/v2\/types\/post"}],"author":[{"embeddable":true,"href":"https:\/\/formalprision.com\/index.php?rest_route=\/wp\/v2\/users\/1"}],"replies":[{"embeddable":true,"href":"https:\/\/formalprision.com\/index.php?rest_route=%2Fwp%2Fv2%2Fcomments&post=7688"}],"version-history":[{"count":0,"href":"https:\/\/formalprision.com\/index.php?rest_route=\/wp\/v2\/posts\/7688\/revisions"}],"wp:featuredmedia":[{"embeddable":true,"href":"https:\/\/formalprision.com\/index.php?rest_route=\/wp\/v2\/media\/25444"}],"wp:attachment":[{"href":"https:\/\/formalprision.com\/index.php?rest_route=%2Fwp%2Fv2%2Fmedia&parent=7688"}],"wp:term":[{"taxonomy":"category","embeddable":true,"href":"https:\/\/formalprision.com\/index.php?rest_route=%2Fwp%2Fv2%2Fcategories&post=7688"},{"taxonomy":"post_tag","embeddable":true,"href":"https:\/\/formalprision.com\/index.php?rest_route=%2Fwp%2Fv2%2Ftags&post=7688"}],"curies":[{"name":"wp","href":"https:\/\/api.w.org\/{rel}","templated":true}]}}