{"id":76899,"date":"2020-03-12T00:17:45","date_gmt":"2020-03-12T05:17:45","guid":{"rendered":"http:\/\/formalprision.com\/?p=76899"},"modified":"2020-03-12T00:17:48","modified_gmt":"2020-03-12T05:17:48","slug":"mauricio-vila-se-reune-con-el-titular-de-la-sct-javier-jimenez-espriu","status":"publish","type":"post","link":"https:\/\/formalprision.com\/?p=76899","title":{"rendered":"Mauricio Vila se re\u00fane con el titular de la SCT, Javier Jim\u00e9nez Espri\u00fa"},"content":{"rendered":"\n<p>Ciudad de M\u00e9xico, 11 de marzo de 2020.- El gobernador Mauricio Vila Dosal se reuni\u00f3 con el titular de la Secretar\u00eda de Comunicaciones y Transportes (SCT), Javier Jim\u00e9nez Espri\u00fa, para analizar el desarrollo de proyectos de infraestructura terrestre y telecomunicaciones en el estado que beneficien a las familias yucatecas.<\/p>\n\n\n\n<p>En el marco de la reuni\u00f3n realizada en la Ciudad de M\u00e9xico, Vila Dosal agradeci\u00f3 al funcionario federal la disposici\u00f3n de trabajar en conjunto y reafirm\u00f3 la voluntad del Gobierno del Estado de sumar esfuerzos con el Gobierno federal en torno a la planeaci\u00f3n de obras y acciones que contribuyan a fortalecer la competitividad del territorio yucateco.<\/p>\n\n\n\n<p>Asimismo, enfatiz\u00f3 que con mayor y mejor infraestructura se pueden atender los retos que Yucat\u00e1n tiene ante el crecimiento econ\u00f3mico y desarrollo que el estado est\u00e1 experimentando, pero al mismo tiempo mejorar las condiciones de vida de los yucatecos que habitan en toda la geograf\u00eda estatal.<\/p>\n\n\n\n<p>De igual forma,  indic\u00f3 que el sector de las telecomunicaciones es un rubro en el que el estado tiene un importante crecimiento, por lo que resalt\u00f3 la importancia de fortalecer todo lo relacionado con esta \u00e1rea, pues representa la posibilidad de generar m\u00e1s y mejores empleos, lo que se traduce en bienestar las familias yucatecas. <\/p>\n\n\n\n<p>Por su parte, Jim\u00e9nez Espri\u00fa afirm\u00f3 que la SCT est\u00e1 comprometida con seguir impulsando la infraestructura necesaria que contribuya a impulsar el progreso del pa\u00eds en todas sus regiones y asegur\u00f3 que Yucat\u00e1n no ser\u00e1 la excepci\u00f3n, pues se mantiene un excelente trabajo de coordinaci\u00f3n con el gobierno de Vila Dosal. <\/p>\n\n\n\n<p>Asimismo, el funcionario federal reconoci\u00f3 las grandes ventajas competitivas que ofrece Yucat\u00e1n y asegur\u00f3 que continuar\u00e1 con el apoyo al estado para la puesta en marcha de proyectos que beneficien a todos los yucatecos.<\/p>\n\n\n\n<p>Cabe mencionar que, Vila Dosal ha mantenido una estrecha relaci\u00f3n con el Gobierno de M\u00e9xico, con el objetivo de garantizar el desarrollo de programas, estrategias y obras que mejoren las condiciones de vida de los yucatecos e impulsen el desarrollo del estado. (Comunicado de Prensa)<\/p>\n","protected":false},"excerpt":{"rendered":"<p>Ciudad de M\u00e9xico, 11 de marzo de 2020.- El gobernador Mauricio Vila Dosal se reuni\u00f3 con el titular de la Secretar\u00eda de Comunicaciones y Transportes (SCT), Javier Jim\u00e9nez Espri\u00fa, para<\/p>\n","protected":false},"author":1,"featured_media":76900,"comment_status":"open","ping_status":"open","sticky":false,"template":"","format":"standard","meta":{"jetpack_post_was_ever_published":false,"_jetpack_newsletter_access":"","_jetpack_dont_email_post_to_subs":false,"_jetpack_newsletter_tier_id":0,"_jetpack_memberships_contains_paywalled_content":false,"_jetpack_memberships_contains_paid_content":false,"footnotes":"","jetpack_publicize_message":"","jetpack_publicize_feature_enabled":true,"jetpack_social_post_already_shared":true,"jetpack_social_options":{"image_generator_settings":{"template":"highway","default_image_id":0,"font":"","enabled":false},"version":2}},"categories":[17],"tags":[],"class_list":["post-76899","post","type-post","status-publish","format-standard","has-post-thumbnail","hentry","category-politica-y-gobierno"],"jetpack_publicize_connections":[],"jetpack_featured_media_url":"https:\/\/formalprision.com\/wp-content\/uploads\/2020\/03\/D24EBE92-DFB3-4722-B908-84BF082CA680.jpeg","jetpack_sharing_enabled":true,"jetpack_shortlink":"https:\/\/wp.me\/p6id8p-k0j","_links":{"self":[{"href":"https:\/\/formalprision.com\/index.php?rest_route=\/wp\/v2\/posts\/76899","targetHints":{"allow":["GET"]}}],"collection":[{"href":"https:\/\/formalprision.com\/index.php?rest_route=\/wp\/v2\/posts"}],"about":[{"href":"https:\/\/formalprision.com\/index.php?rest_route=\/wp\/v2\/types\/post"}],"author":[{"embeddable":true,"href":"https:\/\/formalprision.com\/index.php?rest_route=\/wp\/v2\/users\/1"}],"replies":[{"embeddable":true,"href":"https:\/\/formalprision.com\/index.php?rest_route=%2Fwp%2Fv2%2Fcomments&post=76899"}],"version-history":[{"count":0,"href":"https:\/\/formalprision.com\/index.php?rest_route=\/wp\/v2\/posts\/76899\/revisions"}],"wp:featuredmedia":[{"embeddable":true,"href":"https:\/\/formalprision.com\/index.php?rest_route=\/wp\/v2\/media\/76900"}],"wp:attachment":[{"href":"https:\/\/formalprision.com\/index.php?rest_route=%2Fwp%2Fv2%2Fmedia&parent=76899"}],"wp:term":[{"taxonomy":"category","embeddable":true,"href":"https:\/\/formalprision.com\/index.php?rest_route=%2Fwp%2Fv2%2Fcategories&post=76899"},{"taxonomy":"post_tag","embeddable":true,"href":"https:\/\/formalprision.com\/index.php?rest_route=%2Fwp%2Fv2%2Ftags&post=76899"}],"curies":[{"name":"wp","href":"https:\/\/api.w.org\/{rel}","templated":true}]}}