{"id":76905,"date":"2020-03-12T01:54:02","date_gmt":"2020-03-12T06:54:02","guid":{"rendered":"http:\/\/formalprision.com\/?p=76905"},"modified":"2020-03-12T12:16:36","modified_gmt":"2020-03-12T17:16:36","slug":"desde-merida-lider-criminal-cobraba-derecho-de-piso-en-playa-del-carmen","status":"publish","type":"post","link":"https:\/\/formalprision.com\/?p=76905","title":{"rendered":"Desde M\u00e9rida, l\u00edder criminal cobraba derecho de piso en Playa del Carmen"},"content":{"rendered":"\n<p>Elementos de la Polic\u00eda Ministerial de Yucat\u00e1n lograron la captura de Juan Jos\u00e9 Hern\u00e1ndez Uc, alias \u201cComandante CH\u201d, ligado con la organizaci\u00f3n criminal denominada \u201cLos Pelones\u201d y presunto l\u00edder de una red de cobro de \u201cderecho de piso\u201d en Playa del Carmen, responsable de amenazas, narcomantas y atentados en contra de empresarios locales.<\/p>\n\n\n\n<p>Fue detenido presuntamente luego de que pidi\u00f3 ayuda a la SSP de Yucat\u00e1n porque lo persegu\u00edan sicarios armados, mismos que tambi\u00e9n fueron detenidos, como informamos oportunamente.<\/p>\n\n\n\n<p>El fiscal general del Estado de Quintana Roo, Oscar Montes de Oca,  precis\u00f3 que el detenido ya fue imputado por el delito de extorsi\u00f3n, por lo cual fue trasladado al Centro de Retenci\u00f3n Municipal.<\/p>\n\n\n\n<p>La causa penal por la que se le buscaba es la 085\/2020. De acuerdo al fiscal, el \u201cComandante CH\u201d amenazaba a comerciantes y empresarios de Playa del Carmen, mediante visitas, mantas y mensajes de texto.<\/p>\n\n\n\n<p>Al imputado, dijo Montes de Oca, se le vincula con Jonathan \u201cN\u201d, alias \u201cEl Pantera\u201d, cabecilla del grupo delictivo \u201cLos Pelones\u201d, quien antes de .su detenci\u00f3n en octubre del a\u00f1o pasado se dedicaba primordialmente a extorsionar a comercios<\/p>\n\n\n\n<p>El \u201cComandante CH\u201d, tambi\u00e9n conocido como \u201cEl Nene\u201d o \u201cEl Pepe\u201d cuenta con cuatro denuncias en su contra y el fiscal espera que sumen otras.<\/p>\n\n\n\n<p>De acuerdo con el portal Noticaribe, en d\u00edas pasados, el secretario de Seguridad P\u00fablica, Alberto Capella Ibarra, anunci\u00f3 que se reforzar\u00edan acciones para acabar con el cobro del \u201cderecho de piso\u201d en Playa del Carmen, casi una semana despu\u00e9s que el l\u00edder de la Canirac revelara que el 70% de sus agremiados han sufrido alg\u00fan tipo de extorsi\u00f3n.<\/p>\n\n\n\n<p>Hace dos d\u00edas, circul\u00f3 de forma an\u00f3nima un escrito en redes sociales, supuestamente de empresarios playenses, denunciando al \u201cComandante CH\u201d como quien lidera la red de extorsiones desde M\u00e9rida, brindando una serie de tel\u00e9fonos que son usados para tal fin.<\/p>\n","protected":false},"excerpt":{"rendered":"<p>Elementos de la Polic\u00eda Ministerial de Yucat\u00e1n lograron la captura de Juan Jos\u00e9 Hern\u00e1ndez Uc, alias \u201cComandante CH\u201d, ligado con la organizaci\u00f3n criminal denominada \u201cLos Pelones\u201d y presunto l\u00edder de<\/p>\n","protected":false},"author":1,"featured_media":76906,"comment_status":"open","ping_status":"open","sticky":false,"template":"","format":"standard","meta":{"jetpack_post_was_ever_published":false,"_jetpack_newsletter_access":"","_jetpack_dont_email_post_to_subs":false,"_jetpack_newsletter_tier_id":0,"_jetpack_memberships_contains_paywalled_content":false,"_jetpack_memberships_contains_paid_content":false,"footnotes":"","jetpack_publicize_message":"","jetpack_publicize_feature_enabled":true,"jetpack_social_post_already_shared":true,"jetpack_social_options":{"image_generator_settings":{"template":"highway","default_image_id":0,"font":"","enabled":false},"version":2}},"categories":[47,3],"tags":[],"class_list":["post-76905","post","type-post","status-publish","format-standard","has-post-thumbnail","hentry","category-narcos","category-portada"],"jetpack_publicize_connections":[],"jetpack_featured_media_url":"https:\/\/formalprision.com\/wp-content\/uploads\/2020\/03\/C981D8BD-7996-4EDF-86C3-AB970E747663.jpeg","jetpack_sharing_enabled":true,"jetpack_shortlink":"https:\/\/wp.me\/p6id8p-k0p","_links":{"self":[{"href":"https:\/\/formalprision.com\/index.php?rest_route=\/wp\/v2\/posts\/76905","targetHints":{"allow":["GET"]}}],"collection":[{"href":"https:\/\/formalprision.com\/index.php?rest_route=\/wp\/v2\/posts"}],"about":[{"href":"https:\/\/formalprision.com\/index.php?rest_route=\/wp\/v2\/types\/post"}],"author":[{"embeddable":true,"href":"https:\/\/formalprision.com\/index.php?rest_route=\/wp\/v2\/users\/1"}],"replies":[{"embeddable":true,"href":"https:\/\/formalprision.com\/index.php?rest_route=%2Fwp%2Fv2%2Fcomments&post=76905"}],"version-history":[{"count":0,"href":"https:\/\/formalprision.com\/index.php?rest_route=\/wp\/v2\/posts\/76905\/revisions"}],"wp:featuredmedia":[{"embeddable":true,"href":"https:\/\/formalprision.com\/index.php?rest_route=\/wp\/v2\/media\/76906"}],"wp:attachment":[{"href":"https:\/\/formalprision.com\/index.php?rest_route=%2Fwp%2Fv2%2Fmedia&parent=76905"}],"wp:term":[{"taxonomy":"category","embeddable":true,"href":"https:\/\/formalprision.com\/index.php?rest_route=%2Fwp%2Fv2%2Fcategories&post=76905"},{"taxonomy":"post_tag","embeddable":true,"href":"https:\/\/formalprision.com\/index.php?rest_route=%2Fwp%2Fv2%2Ftags&post=76905"}],"curies":[{"name":"wp","href":"https:\/\/api.w.org\/{rel}","templated":true}]}}