{"id":76908,"date":"2020-03-12T02:29:05","date_gmt":"2020-03-12T07:29:05","guid":{"rendered":"http:\/\/formalprision.com\/?p=76908"},"modified":"2020-03-13T00:53:23","modified_gmt":"2020-03-13T05:53:23","slug":"pasara-12-anos-preso-por-violar-a-un-nino-en-merida","status":"publish","type":"post","link":"https:\/\/formalprision.com\/?p=76908","title":{"rendered":"Pasar\u00e1 12 a\u00f1os preso por violar a un ni\u00f1o en M\u00e9rida"},"content":{"rendered":"\n<p>El Tribunal 2\u00b0 de Enjuiciamiento del Poder Judicial del Estado sentenci\u00f3 a 12 a\u00f1os y 3 meses de prisi\u00f3n a Daniel P\u00e9rez Nendoza. , acusado de violar a un ni\u00f1o de 5 a\u00f1os en el sur de la ciudad.<\/p>\n\n\n\n<p>Fue hallado culpable del delito de violaci\u00f3n equiparada, con base en las pruebas que se desahogaron durante un juicio oral que inici\u00f3 el pasado 3 de marzo en el Centro de Justicia Oral de M\u00e9rida (CJOM).<\/p>\n\n\n\n<p>En audiencia p\u00fablica, el Tribunal tambi\u00e9n conden\u00f3 al sentenciado al pago de una multa de 275 veces la Unidad de Medida y Actualizaci\u00f3n vigente en la \u00e9poca de los hechos, equivalente a la cantidad de $23,234.75 M.N.; le neg\u00f3 los beneficios sustitutivos de prisi\u00f3n; lo amonest\u00f3 p\u00fablicamente; le suspendi\u00f3 sus derechos pol\u00edticos y le prohibi\u00f3 acercarse a las v\u00edctimas y al domicilio de \u00e9stas en forma definitiva posteriormente al cumplimiento de la pena de prisi\u00f3n.<\/p>\n\n\n\n<p>Adem\u00e1s, el Tribunal conden\u00f3 al sentenciado a pagar a favor de la v\u00edctima por conducto de su representante leg\u00edtima y progenitora, la cantidad de $70,000.00 M.N. en concepto de la reparaci\u00f3n del da\u00f1o moral.<\/p>\n\n\n\n<p>La acusaci\u00f3n que expuso la Fiscal\u00eda General del Estado, se basa en los siguientes hechos: \u201cQue aproximadamente entre las 13:00 y 13:30 del d\u00eda 20 de abril de 2019 y la 1:00 del d\u00eda 22, el ahora sentenciado al encontrarse en el interior de un predio ubicado en la colonia El Roble de esta ciudad, estando en compa\u00f1\u00eda del menor de edad, de quien es t\u00edo pol\u00edtico,  le impuso a \u00e9ste la c\u00f3pula por la v\u00eda anorrectal, hechos que fueron denunciados tras ser descubierto el abuso.<\/p>\n\n\n\n<p>La Jueza Ver\u00f3nica de Jes\u00fas Burgos P\u00e9rez, quien fungi\u00f3 como presidenta en esta ocasi\u00f3n, inform\u00f3 a las partes y al p\u00fablico de la sala que la audiencia de lectura y explicaci\u00f3n de sentencia se realizar\u00e1 el pr\u00f3ximo martes 17 de marzo a las 12:00 horas, en este mismo Centro de Justicia. <\/p>\n\n\n\n<p>El Tribunal 2\u00b0 de Enjuiciamiento del Poder Judicial del Estado de Yucat\u00e1n tambi\u00e9n est\u00e1 conformado por los jueces, Sergio Javier Marfil G\u00f3mez, relator para el caso y la jueza Mar\u00eda del Socorro Tamayo Arana, como vocal.<\/p>\n","protected":false},"excerpt":{"rendered":"<p>El Tribunal 2\u00b0 de Enjuiciamiento del Poder Judicial del Estado sentenci\u00f3 a 12 a\u00f1os y 3 meses de prisi\u00f3n a Daniel P\u00e9rez Nendoza. , acusado de violar a un ni\u00f1o<\/p>\n","protected":false},"author":1,"featured_media":76909,"comment_status":"open","ping_status":"open","sticky":false,"template":"","format":"standard","meta":{"jetpack_post_was_ever_published":false,"_jetpack_newsletter_access":"","_jetpack_dont_email_post_to_subs":false,"_jetpack_newsletter_tier_id":0,"_jetpack_memberships_contains_paywalled_content":false,"_jetpack_memberships_contains_paid_content":false,"footnotes":"","jetpack_publicize_message":"","jetpack_publicize_feature_enabled":true,"jetpack_social_post_already_shared":true,"jetpack_social_options":{"image_generator_settings":{"template":"highway","default_image_id":0,"font":"","enabled":false},"version":2}},"categories":[55,54],"tags":[],"class_list":["post-76908","post","type-post","status-publish","format-standard","has-post-thumbnail","hentry","category-violines","category-yucatan"],"jetpack_publicize_connections":[],"jetpack_featured_media_url":"https:\/\/formalprision.com\/wp-content\/uploads\/2020\/03\/23D82437-C31F-47C6-84E2-549DD1354163.jpeg","jetpack_sharing_enabled":true,"jetpack_shortlink":"https:\/\/wp.me\/p6id8p-k0s","_links":{"self":[{"href":"https:\/\/formalprision.com\/index.php?rest_route=\/wp\/v2\/posts\/76908","targetHints":{"allow":["GET"]}}],"collection":[{"href":"https:\/\/formalprision.com\/index.php?rest_route=\/wp\/v2\/posts"}],"about":[{"href":"https:\/\/formalprision.com\/index.php?rest_route=\/wp\/v2\/types\/post"}],"author":[{"embeddable":true,"href":"https:\/\/formalprision.com\/index.php?rest_route=\/wp\/v2\/users\/1"}],"replies":[{"embeddable":true,"href":"https:\/\/formalprision.com\/index.php?rest_route=%2Fwp%2Fv2%2Fcomments&post=76908"}],"version-history":[{"count":0,"href":"https:\/\/formalprision.com\/index.php?rest_route=\/wp\/v2\/posts\/76908\/revisions"}],"wp:featuredmedia":[{"embeddable":true,"href":"https:\/\/formalprision.com\/index.php?rest_route=\/wp\/v2\/media\/76909"}],"wp:attachment":[{"href":"https:\/\/formalprision.com\/index.php?rest_route=%2Fwp%2Fv2%2Fmedia&parent=76908"}],"wp:term":[{"taxonomy":"category","embeddable":true,"href":"https:\/\/formalprision.com\/index.php?rest_route=%2Fwp%2Fv2%2Fcategories&post=76908"},{"taxonomy":"post_tag","embeddable":true,"href":"https:\/\/formalprision.com\/index.php?rest_route=%2Fwp%2Fv2%2Ftags&post=76908"}],"curies":[{"name":"wp","href":"https:\/\/api.w.org\/{rel}","templated":true}]}}