{"id":7691,"date":"2011-10-29T14:08:00","date_gmt":"2011-10-29T14:08:00","guid":{"rendered":"http:\/\/formalprision.info\/2011\/10\/29\/mueren-dos-albaniles-arrollados-en-e\/"},"modified":"2015-06-03T08:54:56","modified_gmt":"2015-06-03T08:54:56","slug":"mueren-dos-albaniles-arrollados-en-e","status":"publish","type":"post","link":"https:\/\/formalprision.com\/?p=7691","title":{"rendered":"Mueren dos alba\u00f1iles arrollados en el Perif\u00e9rico; huye el responsable en un Audi"},"content":{"rendered":"<p><a href=\"http:\/\/4.bp.blogspot.com\/-FdiqP-zk-Bc\/TqwNKruvKPI\/AAAAAAAAEms\/Le34NubCMag\/s1600\/aaaguardarfondo.jpg\"><img decoding=\"async\" id=\"BLOGGER_PHOTO_ID_5668920508141218034\" style=\"FLOAT: left; MARGIN: 0px 10px 10px 0px; WIDTH: 320px; CURSOR: hand; HEIGHT: 240px\" alt=\"\" src=\"http:\/\/formalprision.com\/wp-content\/uploads\/2011\/10\/aaaguardarfondo.jpg\" border=\"0\" \/><\/a><\/p>\n<p><\/p>\n<div>El Anillo Perif\u00e9rico cobr\u00f3 esta ma\u00f1ana dos vidas m\u00e1s al ser arrollados dos alba\u00f1iles que transitaban por esa v\u00eda en bicicleta.<br \/>Los infortunados alarifes murieron luego de que fueron arrastrados casi 40 metros por un veh\u00edculo Audi cuyo guiador se dio a la fuga.<br \/>El percance caus\u00f3 movilizaci\u00f3n polic\u00edaca, pues se mont\u00f3 un operativo especial para localizar al conductor y al veh\u00edculo causante del percance mortal.<br \/>Adem\u00e1s, tambi\u00e9n propici\u00f3 problemas viales por las diligencias legales de rigor.<br \/>El accidente tuvo lugar en el kil\u00f3metro 28 de esa v\u00eda, cerca de la entrada a Temoz\u00f3n.<br \/>Un Audi con placas ZAH -4638, guiado por una persona no identificada, arroll\u00f3 a los ciclista a eso de las 7:30 de la ma\u00f1ana.<br \/>Ambos fallecieron instant\u00e1neamente y hasta el momento no han sido identificados.<br \/>A las 09:30 de la ma\u00f1ana, las diligencias continuaban en el sitio.<\/div>\n<div>El veh\u00edculo fue identificado porque se le desprendi\u00f3 la placa delantera (Yucat\u00e1n Press)<\/div>\n","protected":false},"excerpt":{"rendered":"<p>El Anillo Perif\u00e9rico cobr\u00f3 esta ma\u00f1ana dos vidas m\u00e1s al ser arrollados dos alba\u00f1iles que transitaban por esa v\u00eda en bicicleta.Los infortunados alarifes murieron luego de que fueron arrastrados casi<\/p>\n","protected":false},"author":1,"featured_media":25450,"comment_status":"open","ping_status":"open","sticky":false,"template":"","format":"standard","meta":{"jetpack_post_was_ever_published":false,"_jetpack_newsletter_access":"","_jetpack_dont_email_post_to_subs":false,"_jetpack_newsletter_tier_id":0,"_jetpack_memberships_contains_paywalled_content":false,"_jetpack_memberships_contains_paid_content":false,"footnotes":"","jetpack_publicize_message":"","jetpack_publicize_feature_enabled":true,"jetpack_social_post_already_shared":false,"jetpack_social_options":{"image_generator_settings":{"template":"highway","default_image_id":0,"font":"","enabled":false},"version":2}},"categories":[44,3,1],"tags":[],"class_list":["post-7691","post","type-post","status-publish","format-standard","has-post-thumbnail","hentry","category-morgue","category-portada","category-sin-categoria"],"jetpack_publicize_connections":[],"jetpack_featured_media_url":"https:\/\/formalprision.com\/wp-content\/uploads\/2011\/10\/aaaguardarfondo.jpg","jetpack_sharing_enabled":true,"jetpack_shortlink":"https:\/\/wp.me\/p6id8p-203","_links":{"self":[{"href":"https:\/\/formalprision.com\/index.php?rest_route=\/wp\/v2\/posts\/7691","targetHints":{"allow":["GET"]}}],"collection":[{"href":"https:\/\/formalprision.com\/index.php?rest_route=\/wp\/v2\/posts"}],"about":[{"href":"https:\/\/formalprision.com\/index.php?rest_route=\/wp\/v2\/types\/post"}],"author":[{"embeddable":true,"href":"https:\/\/formalprision.com\/index.php?rest_route=\/wp\/v2\/users\/1"}],"replies":[{"embeddable":true,"href":"https:\/\/formalprision.com\/index.php?rest_route=%2Fwp%2Fv2%2Fcomments&post=7691"}],"version-history":[{"count":0,"href":"https:\/\/formalprision.com\/index.php?rest_route=\/wp\/v2\/posts\/7691\/revisions"}],"wp:featuredmedia":[{"embeddable":true,"href":"https:\/\/formalprision.com\/index.php?rest_route=\/wp\/v2\/media\/25450"}],"wp:attachment":[{"href":"https:\/\/formalprision.com\/index.php?rest_route=%2Fwp%2Fv2%2Fmedia&parent=7691"}],"wp:term":[{"taxonomy":"category","embeddable":true,"href":"https:\/\/formalprision.com\/index.php?rest_route=%2Fwp%2Fv2%2Fcategories&post=7691"},{"taxonomy":"post_tag","embeddable":true,"href":"https:\/\/formalprision.com\/index.php?rest_route=%2Fwp%2Fv2%2Ftags&post=7691"}],"curies":[{"name":"wp","href":"https:\/\/api.w.org\/{rel}","templated":true}]}}