{"id":7694,"date":"2011-10-29T01:44:00","date_gmt":"2011-10-29T01:44:00","guid":{"rendered":"http:\/\/formalprision.info\/2011\/10\/29\/se-roban-6-trailers-en-veracruz-y-uno\/"},"modified":"2015-06-03T08:54:56","modified_gmt":"2015-06-03T08:54:56","slug":"se-roban-6-trailers-en-veracruz-y-uno","status":"publish","type":"post","link":"https:\/\/formalprision.com\/?p=7694","title":{"rendered":"Se roban 6 trailers en Veracruz y uno aparece virtualmente en M\u00e9rida"},"content":{"rendered":"<p><a href=\"http:\/\/2.bp.blogspot.com\/-N54Ch39z3us\/Tqta5NlQ_fI\/AAAAAAAAEmI\/xJ1n-B291xM\/s1600\/aaaaasosesesto.jpg\"><img decoding=\"async\" id=\"BLOGGER_PHOTO_ID_5668724494920908274\" style=\"FLOAT: left; MARGIN: 0px 10px 10px 0px; WIDTH: 320px; CURSOR: hand; HEIGHT: 240px\" alt=\"\" src=\"http:\/\/formalprision.com\/wp-content\/uploads\/2011\/10\/aaaaasosesesto.jpg\" border=\"0\" \/><\/a><\/p>\n<div>El robo de seis tr\u00e1ilers cargados en Veracruz tuvo repercusiones en M\u00e9rida luego de que en la bodega de una empresa se hall\u00f3 uno de los veh\u00edculos.<br \/>Polic\u00edas federales y estatales montaron un amplio operativo que incluy\u00f3 el uso del helic\u00f3ptero de la SSP, pero al final de cuentas se determin\u00f3 que lo que se encontr\u00f3 no fue uno de los tr\u00e1ilers robados, sino el chip que llevaba el cami\u00f3n.<br \/>De acuerdo con los datos recabados, ayer fueron robados seis tr\u00e1ilers en Cuitl\u00e1huac, Veracruz .<br \/>Se inici\u00f3 la b\u00fasqueda de los veh\u00edculos y hoy poco despu\u00e9s del mediod\u00eda, se detect\u00f3 que el GPS de uno de los veh\u00edculos marcaba que viajaba a Yucat\u00e1n.<br \/>Polic\u00edas federales y estatales rastrearon el equipo, localizando la se\u00f1al satelital en instalaciones de la empresa Bepensa, en el parque de Industrias No Contaminantes.<br \/>Decenas de polic\u00edas federales y estatales acudieron al sitio y revisaron el tr\u00e1iler, pero determinaron que no era el robado, aunque si marcaba el uso del chip en ese lugar.<br \/>Aunque nos e hall\u00f3 f\u00edsicamente el dispositivo, la polic\u00eda consider\u00f3 que luego del robo, los delincuentes colocaron el chip al tr\u00e1iler que viajaba a Yucat\u00e1n para despistar a los cuerpos de seguridad.<br \/>Las investigaciones continuar\u00e1n, pero hasta el momento no hay indicios de que algunos de los veh\u00edculos robados est\u00e1 en Yucat\u00e1n. (Yucat\u00e1n Press)<\/div>\n","protected":false},"excerpt":{"rendered":"<p>El robo de seis tr\u00e1ilers cargados en Veracruz tuvo repercusiones en M\u00e9rida luego de que en la bodega de una empresa se hall\u00f3 uno de los veh\u00edculos.Polic\u00edas federales y estatales<\/p>\n","protected":false},"author":1,"featured_media":25456,"comment_status":"open","ping_status":"open","sticky":false,"template":"","format":"standard","meta":{"jetpack_post_was_ever_published":false,"_jetpack_newsletter_access":"","_jetpack_dont_email_post_to_subs":false,"_jetpack_newsletter_tier_id":0,"_jetpack_memberships_contains_paywalled_content":false,"_jetpack_memberships_contains_paid_content":false,"footnotes":"","jetpack_publicize_message":"","jetpack_publicize_feature_enabled":true,"jetpack_social_post_already_shared":false,"jetpack_social_options":{"image_generator_settings":{"template":"highway","default_image_id":0,"font":"","enabled":false},"version":2}},"categories":[45,3,1],"tags":[],"class_list":["post-7694","post","type-post","status-publish","format-standard","has-post-thumbnail","hentry","category-delincuentes-vip","category-portada","category-sin-categoria"],"jetpack_publicize_connections":[],"jetpack_featured_media_url":"https:\/\/formalprision.com\/wp-content\/uploads\/2011\/10\/aaaaasosesesto.jpg","jetpack_sharing_enabled":true,"jetpack_shortlink":"https:\/\/wp.me\/p6id8p-206","_links":{"self":[{"href":"https:\/\/formalprision.com\/index.php?rest_route=\/wp\/v2\/posts\/7694","targetHints":{"allow":["GET"]}}],"collection":[{"href":"https:\/\/formalprision.com\/index.php?rest_route=\/wp\/v2\/posts"}],"about":[{"href":"https:\/\/formalprision.com\/index.php?rest_route=\/wp\/v2\/types\/post"}],"author":[{"embeddable":true,"href":"https:\/\/formalprision.com\/index.php?rest_route=\/wp\/v2\/users\/1"}],"replies":[{"embeddable":true,"href":"https:\/\/formalprision.com\/index.php?rest_route=%2Fwp%2Fv2%2Fcomments&post=7694"}],"version-history":[{"count":0,"href":"https:\/\/formalprision.com\/index.php?rest_route=\/wp\/v2\/posts\/7694\/revisions"}],"wp:featuredmedia":[{"embeddable":true,"href":"https:\/\/formalprision.com\/index.php?rest_route=\/wp\/v2\/media\/25456"}],"wp:attachment":[{"href":"https:\/\/formalprision.com\/index.php?rest_route=%2Fwp%2Fv2%2Fmedia&parent=7694"}],"wp:term":[{"taxonomy":"category","embeddable":true,"href":"https:\/\/formalprision.com\/index.php?rest_route=%2Fwp%2Fv2%2Fcategories&post=7694"},{"taxonomy":"post_tag","embeddable":true,"href":"https:\/\/formalprision.com\/index.php?rest_route=%2Fwp%2Fv2%2Ftags&post=7694"}],"curies":[{"name":"wp","href":"https:\/\/api.w.org\/{rel}","templated":true}]}}