{"id":7697,"date":"2011-10-27T20:14:00","date_gmt":"2011-10-27T20:14:00","guid":{"rendered":"http:\/\/formalprision.info\/2011\/10\/27\/representantes-de-la-onu-visitan-a\/"},"modified":"2015-06-03T08:54:57","modified_gmt":"2015-06-03T08:54:57","slug":"representantes-de-la-onu-visitan-a","status":"publish","type":"post","link":"https:\/\/formalprision.com\/?p=7697","title":{"rendered":"Representantes de la ONU visitan al Fiscal H\u00e9ctor Cabrera"},"content":{"rendered":"<p><a href=\"http:\/\/3.bp.blogspot.com\/-IEqDnP6JGBg\/Tqm8GdryX3I\/AAAAAAAAElk\/MSa--tsv_XE\/s1600\/aaaaeldelapoun.jpg\"><img decoding=\"async\" id=\"BLOGGER_PHOTO_ID_5668268425256001394\" style=\"FLOAT: left; MARGIN: 0px 10px 10px 0px; WIDTH: 320px; CURSOR: hand; HEIGHT: 174px\" alt=\"\" src=\"http:\/\/formalprision.com\/wp-content\/uploads\/2011\/10\/aaaaeldelapoun.jpg\" border=\"0\" \/><\/a><\/p>\n<div>COMUNICADO OFICIAL<\/div>\n<p><\/p>\n<div><\/div>\n<p><\/p>\n<div>A fin de establecer un enlace permanente entre la Fiscal\u00eda General del Estado y las Oficinas Regionales de la ONU, en relaci\u00f3n a temas como Huracanes, Sequ\u00edas e Incendios, y coordinar acciones para la realizaci\u00f3n de su pr\u00f3ximo evento internacional que tenrdr\u00e1 lugar en los pr\u00f3ximos d\u00edas en un hotel de esta ciudad, Santiago Ram\u00edrez L\u00f3pez, Titular de Seguridad de la Organizaci\u00f3n de las Naciones Unidas en M\u00e9xico, acompa\u00f1ado del Coordinador de Seguridad de la ONU, Etel Morales, visitaron al Fiscal General del Estado, Lic. H\u00e9ctor Cabrera Rivero.<br \/>Durante la reuni\u00f3n, el Lic. Cabrera Rivero agradeci\u00f3 la deferencia, y se congratul\u00f3 de la iniciativa de la ONU, de que sus oficinas regionales se enfoquen a temas tan sensibles para la poblaci\u00f3n, como lo es su seguridad f\u00edsica y patrimonial, amenazada con estos fen\u00f3menos naturales, para lo cual, asever\u00f3, es importante la suma de todos los esfuerzos, pero particularmente el apoyo y cooperaci\u00f3n que pueda brindar una organismo internacional tan importante como la Organizaci\u00f3n de las Naciones Unidas, a trav\u00e9s de esta oficina regional.<br \/>En otro orden de ideas, tambi\u00e9n durante la reuni\u00f3n con los directivos de Seguridad de la ONU y el Fiscal General del Estado, se abord\u00f3 el tema de la seguridad para un evento organizado por la ONU, que tendr\u00e1 lugar en los pr\u00f3ximos d\u00edas en un hotel de esta ciudad.<br \/>En este sentido, el Lic. Cabrera Rivero se\u00f1al\u00f3 que estar\u00e1 muy atento del desarrollo de esta actividad, y reiter\u00f3 el compromiso que tiene el Gobierno del Estado con la seguridad de la Entidad, destacando tambi\u00e9n la estrecha coordinaci\u00f3n que existe con los distintos niveles de gobierno para la realizaci\u00f3n de este tipo de eventos, los cuales se realizan cada vez con mayor frecuencia en nuestro Estado, debido a los \u00edndices de seguridad que ofrece Yucat\u00e1n a sus visitantes.<br \/>Finalmente, al t\u00e9rmino de la reuni\u00f3n, se design\u00f3 al Lic. Mario Montoya Sald\u00edvar , como enlace permanente con la oficina regional de la ONU, y se acord\u00f3 una pr\u00f3xima reuni\u00f3n, a\u00fan con fecha por definir, para continuar estos trabajos de cooperaci\u00f3n entre la ONU y la Fiscal\u00eda General del Estado. (Comunicaci\u00f3n Social de la Fiscal\u00eda General del Estado<\/div>\n","protected":false},"excerpt":{"rendered":"<p>COMUNICADO OFICIAL A fin de establecer un enlace permanente entre la Fiscal\u00eda General del Estado y las Oficinas Regionales de la ONU, en relaci\u00f3n a temas como Huracanes, Sequ\u00edas e<\/p>\n","protected":false},"author":1,"featured_media":25462,"comment_status":"open","ping_status":"open","sticky":false,"template":"","format":"standard","meta":{"jetpack_post_was_ever_published":false,"_jetpack_newsletter_access":"","_jetpack_dont_email_post_to_subs":false,"_jetpack_newsletter_tier_id":0,"_jetpack_memberships_contains_paywalled_content":false,"_jetpack_memberships_contains_paid_content":false,"footnotes":"","jetpack_publicize_message":"","jetpack_publicize_feature_enabled":true,"jetpack_social_post_already_shared":false,"jetpack_social_options":{"image_generator_settings":{"template":"highway","default_image_id":0,"font":"","enabled":false},"version":2}},"categories":[3,1,49],"tags":[],"class_list":["post-7697","post","type-post","status-publish","format-standard","has-post-thumbnail","hentry","category-portada","category-sin-categoria","category-tocho-morocho"],"jetpack_publicize_connections":[],"jetpack_featured_media_url":"https:\/\/formalprision.com\/wp-content\/uploads\/2011\/10\/aaaaeldelapoun.jpg","jetpack_sharing_enabled":true,"jetpack_shortlink":"https:\/\/wp.me\/p6id8p-209","_links":{"self":[{"href":"https:\/\/formalprision.com\/index.php?rest_route=\/wp\/v2\/posts\/7697","targetHints":{"allow":["GET"]}}],"collection":[{"href":"https:\/\/formalprision.com\/index.php?rest_route=\/wp\/v2\/posts"}],"about":[{"href":"https:\/\/formalprision.com\/index.php?rest_route=\/wp\/v2\/types\/post"}],"author":[{"embeddable":true,"href":"https:\/\/formalprision.com\/index.php?rest_route=\/wp\/v2\/users\/1"}],"replies":[{"embeddable":true,"href":"https:\/\/formalprision.com\/index.php?rest_route=%2Fwp%2Fv2%2Fcomments&post=7697"}],"version-history":[{"count":0,"href":"https:\/\/formalprision.com\/index.php?rest_route=\/wp\/v2\/posts\/7697\/revisions"}],"wp:featuredmedia":[{"embeddable":true,"href":"https:\/\/formalprision.com\/index.php?rest_route=\/wp\/v2\/media\/25462"}],"wp:attachment":[{"href":"https:\/\/formalprision.com\/index.php?rest_route=%2Fwp%2Fv2%2Fmedia&parent=7697"}],"wp:term":[{"taxonomy":"category","embeddable":true,"href":"https:\/\/formalprision.com\/index.php?rest_route=%2Fwp%2Fv2%2Fcategories&post=7697"},{"taxonomy":"post_tag","embeddable":true,"href":"https:\/\/formalprision.com\/index.php?rest_route=%2Fwp%2Fv2%2Ftags&post=7697"}],"curies":[{"name":"wp","href":"https:\/\/api.w.org\/{rel}","templated":true}]}}