{"id":7701,"date":"2011-10-27T16:44:00","date_gmt":"2011-10-27T16:44:00","guid":{"rendered":"http:\/\/formalprision.info\/2011\/10\/27\/reportan-crimen-de-un-homosexual-en-e\/"},"modified":"2015-06-03T08:54:57","modified_gmt":"2015-06-03T08:54:57","slug":"reportan-crimen-de-un-homosexual-en-e","status":"publish","type":"post","link":"https:\/\/formalprision.com\/?p=7701","title":{"rendered":"Reportan crimen de un homosexual en el centro"},"content":{"rendered":"<p><a href=\"http:\/\/3.bp.blogspot.com\/-Vi1x_2dYz9A\/TqmfxK3THgI\/AAAAAAAAElA\/SqUNSrO4ZDs\/s1600\/aaaaescudo%2Bde%2Bla%2Bfiscalia.jpg\"><img decoding=\"async\" id=\"BLOGGER_PHOTO_ID_5668237273101180418\" style=\"FLOAT: left; MARGIN: 0px 10px 10px 0px; WIDTH: 320px; CURSOR: hand; HEIGHT: 318px\" alt=\"\" src=\"http:\/\/formalprision.com\/wp-content\/uploads\/2011\/10\/aaaaescudo-de-la-fiscalia3.jpg\" border=\"0\" \/><\/a><\/p>\n<div>La Polic\u00eda Municipal tom\u00f3 conocimiento este d\u00eda el hallazgo de un<br \/>cad\u00e1ver de un hombre en la calle 56 entre 49 y 51 del centro.<br \/>Los primeros reportes indican que se trata de un homicidio pasional,<br \/>al parecer un pleito entre homosexuales.<br \/>Se habla de un detenido, aunque hasta el momento las autoridades no<br \/>confirman si se trata de un sospechoso o del involucrado directo del<br \/>crimen.<br \/>M\u00e1s informaci\u00f3n en unos momentos<\/div>\n","protected":false},"excerpt":{"rendered":"<p>La Polic\u00eda Municipal tom\u00f3 conocimiento este d\u00eda el hallazgo de uncad\u00e1ver de un hombre en la calle 56 entre 49 y 51 del centro.Los primeros reportes indican que se trata<\/p>\n","protected":false},"author":1,"featured_media":25469,"comment_status":"open","ping_status":"open","sticky":false,"template":"","format":"standard","meta":{"jetpack_post_was_ever_published":false,"_jetpack_newsletter_access":"","_jetpack_dont_email_post_to_subs":false,"_jetpack_newsletter_tier_id":0,"_jetpack_memberships_contains_paywalled_content":false,"_jetpack_memberships_contains_paid_content":false,"footnotes":"","jetpack_publicize_message":"","jetpack_publicize_feature_enabled":true,"jetpack_social_post_already_shared":false,"jetpack_social_options":{"image_generator_settings":{"template":"highway","default_image_id":0,"font":"","enabled":false},"version":2}},"categories":[59,3,1],"tags":[],"class_list":["post-7701","post","type-post","status-publish","format-standard","has-post-thumbnail","hentry","category-asesinos","category-portada","category-sin-categoria"],"jetpack_publicize_connections":[],"jetpack_featured_media_url":"https:\/\/formalprision.com\/wp-content\/uploads\/2011\/10\/aaaaescudo-de-la-fiscalia3.jpg","jetpack_sharing_enabled":true,"jetpack_shortlink":"https:\/\/wp.me\/p6id8p-20d","_links":{"self":[{"href":"https:\/\/formalprision.com\/index.php?rest_route=\/wp\/v2\/posts\/7701","targetHints":{"allow":["GET"]}}],"collection":[{"href":"https:\/\/formalprision.com\/index.php?rest_route=\/wp\/v2\/posts"}],"about":[{"href":"https:\/\/formalprision.com\/index.php?rest_route=\/wp\/v2\/types\/post"}],"author":[{"embeddable":true,"href":"https:\/\/formalprision.com\/index.php?rest_route=\/wp\/v2\/users\/1"}],"replies":[{"embeddable":true,"href":"https:\/\/formalprision.com\/index.php?rest_route=%2Fwp%2Fv2%2Fcomments&post=7701"}],"version-history":[{"count":0,"href":"https:\/\/formalprision.com\/index.php?rest_route=\/wp\/v2\/posts\/7701\/revisions"}],"wp:featuredmedia":[{"embeddable":true,"href":"https:\/\/formalprision.com\/index.php?rest_route=\/wp\/v2\/media\/25469"}],"wp:attachment":[{"href":"https:\/\/formalprision.com\/index.php?rest_route=%2Fwp%2Fv2%2Fmedia&parent=7701"}],"wp:term":[{"taxonomy":"category","embeddable":true,"href":"https:\/\/formalprision.com\/index.php?rest_route=%2Fwp%2Fv2%2Fcategories&post=7701"},{"taxonomy":"post_tag","embeddable":true,"href":"https:\/\/formalprision.com\/index.php?rest_route=%2Fwp%2Fv2%2Ftags&post=7701"}],"curies":[{"name":"wp","href":"https:\/\/api.w.org\/{rel}","templated":true}]}}