{"id":7705,"date":"2011-10-25T22:26:00","date_gmt":"2011-10-25T22:26:00","guid":{"rendered":"http:\/\/formalprision.info\/2011\/10\/25\/el-nieto-de-porfirio-diaz-detenido-por\/"},"modified":"2015-06-03T08:55:00","modified_gmt":"2015-06-03T08:55:00","slug":"el-nieto-de-porfirio-diaz-detenido-por","status":"publish","type":"post","link":"https:\/\/formalprision.com\/?p=7705","title":{"rendered":"El nieto de Porfirio D\u00edaz detenido por ebrio result\u00f3 ser un ex polic\u00eda municipal"},"content":{"rendered":"<p><a href=\"http:\/\/1.bp.blogspot.com\/-aVPrG43FD0U\/TqcBnQhiKdI\/AAAAAAAAEj4\/NE0LnTl8lFg\/s1600\/aaadonporfirio.JPG\"><img decoding=\"async\" id=\"BLOGGER_PHOTO_ID_5667500430031202770\" style=\"FLOAT: left; MARGIN: 0px 10px 10px 0px; WIDTH: 320px; CURSOR: hand; HEIGHT: 240px\" alt=\"\" src=\"http:\/\/formalprision.com\/wp-content\/uploads\/2011\/10\/aaadonporfirio.jpg\" border=\"0\" \/><\/a><\/p>\n<div>El supuesto descendiente de ex Presidente Porfirio D\u00edaz detenido en Progreso no result\u00f3 serlo, sino en realidad es un ex polic\u00eda municipal venido a menos.<\/div>\n<p><\/p>\n<div>Porfirio D\u00edaz Sol\u00eds, detenido el fin de semana por conducir en estado de ebriedad, trabaj\u00f3 como policia municipal hace algunos a\u00f1os y ahora se dedica a otras cosas.<\/div>\n<p><\/p>\n<div>El sujeto ya recuper\u00f3 su libertad, luego de pagar una multa por la falta cometida,<\/div>\n<p><\/p>\n<div>Fue detenido, como informamos, cuando conduc\u00eda su veh\u00edculo cerca del play\u00f3n de Progreso.<\/div>\n<div>Para evitar la detenci\u00f3n, argument\u00f3 ser descendiente del ex presidente de M\u00e9xico Porfirio D\u00edaz.<\/div>\n<p><\/p>\n<div>Una vez que se le baj\u00f3 la borrachera reconooci\u00f3 que Porfirio D\u00edaz \u00abel de los libros\u00bb, no es su abuelo, como dijo en un principio.<\/div>\n<div><\/div>\n","protected":false},"excerpt":{"rendered":"<p>El supuesto descendiente de ex Presidente Porfirio D\u00edaz detenido en Progreso no result\u00f3 serlo, sino en realidad es un ex polic\u00eda municipal venido a menos. Porfirio D\u00edaz Sol\u00eds, detenido el<\/p>\n","protected":false},"author":1,"featured_media":25477,"comment_status":"open","ping_status":"open","sticky":false,"template":"","format":"standard","meta":{"jetpack_post_was_ever_published":false,"_jetpack_newsletter_access":"","_jetpack_dont_email_post_to_subs":false,"_jetpack_newsletter_tier_id":0,"_jetpack_memberships_contains_paywalled_content":false,"_jetpack_memberships_contains_paid_content":false,"footnotes":"","jetpack_publicize_message":"","jetpack_publicize_feature_enabled":true,"jetpack_social_post_already_shared":false,"jetpack_social_options":{"image_generator_settings":{"template":"highway","default_image_id":0,"font":"","enabled":false},"version":2}},"categories":[50,3,1,54],"tags":[],"class_list":["post-7705","post","type-post","status-publish","format-standard","has-post-thumbnail","hentry","category-machines","category-portada","category-sin-categoria","category-yucatan"],"jetpack_publicize_connections":[],"jetpack_featured_media_url":"https:\/\/formalprision.com\/wp-content\/uploads\/2011\/10\/aaadonporfirio.jpg","jetpack_sharing_enabled":true,"jetpack_shortlink":"https:\/\/wp.me\/p6id8p-20h","_links":{"self":[{"href":"https:\/\/formalprision.com\/index.php?rest_route=\/wp\/v2\/posts\/7705","targetHints":{"allow":["GET"]}}],"collection":[{"href":"https:\/\/formalprision.com\/index.php?rest_route=\/wp\/v2\/posts"}],"about":[{"href":"https:\/\/formalprision.com\/index.php?rest_route=\/wp\/v2\/types\/post"}],"author":[{"embeddable":true,"href":"https:\/\/formalprision.com\/index.php?rest_route=\/wp\/v2\/users\/1"}],"replies":[{"embeddable":true,"href":"https:\/\/formalprision.com\/index.php?rest_route=%2Fwp%2Fv2%2Fcomments&post=7705"}],"version-history":[{"count":0,"href":"https:\/\/formalprision.com\/index.php?rest_route=\/wp\/v2\/posts\/7705\/revisions"}],"wp:featuredmedia":[{"embeddable":true,"href":"https:\/\/formalprision.com\/index.php?rest_route=\/wp\/v2\/media\/25477"}],"wp:attachment":[{"href":"https:\/\/formalprision.com\/index.php?rest_route=%2Fwp%2Fv2%2Fmedia&parent=7705"}],"wp:term":[{"taxonomy":"category","embeddable":true,"href":"https:\/\/formalprision.com\/index.php?rest_route=%2Fwp%2Fv2%2Fcategories&post=7705"},{"taxonomy":"post_tag","embeddable":true,"href":"https:\/\/formalprision.com\/index.php?rest_route=%2Fwp%2Fv2%2Ftags&post=7705"}],"curies":[{"name":"wp","href":"https:\/\/api.w.org\/{rel}","templated":true}]}}