{"id":7715,"date":"2011-10-22T18:09:00","date_gmt":"2011-10-22T18:09:00","guid":{"rendered":"http:\/\/formalprision.info\/2011\/10\/22\/la-ssp-detiene-otros-cinco-ladrones-de\/"},"modified":"2015-06-03T08:55:02","modified_gmt":"2015-06-03T08:55:02","slug":"la-ssp-detiene-otros-cinco-ladrones-de","status":"publish","type":"post","link":"https:\/\/formalprision.com\/?p=7715","title":{"rendered":"La SSP detiene a otros cinco ladrones de motos en Kanas\u00edn"},"content":{"rendered":"<p><a href=\"http:\/\/3.bp.blogspot.com\/-6dh0jl9Fgj0\/TqMHYzouedI\/AAAAAAAAEiY\/0xCLQHrzWAU\/s1600\/aaalos%2Bdemotos.JPG\"><img decoding=\"async\" id=\"BLOGGER_PHOTO_ID_5666380878921497042\" style=\"FLOAT: left; MARGIN: 0px 10px 10px 0px; WIDTH: 320px; CURSOR: hand; HEIGHT: 213px\" alt=\"\" src=\"http:\/\/formalprision.com\/wp-content\/uploads\/2011\/10\/aaalos-demotos.jpg\" border=\"0\" \/><\/a><\/p>\n<div>Cinco sujetos de una banda de ladrones de motocicletas fueron detenidos por elementos de la Secretar\u00eda de Seguridad P\u00fablica; cuatro viajaban en un mototaxi y el otro esperaba en el taller donde se adquir\u00edan los veh\u00edculos y partes robadas.<br \/>Los polic\u00edas estatales hicieron la detenci\u00f3n anoche en la calle 75 por 60 de la colonia Mulchech\u00e9n, Kanas\u00edn; los individuos llevaban tres motores, diversas piezas y una placa de moto con reporte de robo, que horas antes hab\u00edan desmantelado.<br \/>Dijeron que el producto lo entregaban en un taller de la calle 32 por 27 de la colonia H\u00e9ctor Victoria, al encargado Alejandro David Parra Canto, de 27 a\u00f1os de edad; que tambi\u00e9n fue aprehendido al comprob\u00e1rsele la posesi\u00f3n de varias motocicletas y partes cuya propiedad no pudo acreditar, aunque dijo que \u00fanicamente les compr\u00f3 tres motores.<br \/>Los sujetos detenidos en el mototaxi son Samuel Ricardo Yam Viana, de 20 a\u00f1os de edad, alias \u201cel viejo\u201d; C.A.D.S., de 17 a\u00f1os; J.J.F.M., de 17 a\u00f1os, y J.H.C.C., de 16. El primero dice desempe\u00f1arse como mec\u00e1nico, el segundo como herrero, el tercero como mec\u00e1nico y el cuarto como ayudante de alba\u00f1il.<br \/>Todos ellos admitieron que han participado en varios robos tanto en M\u00e9rida como en municipios del interior del estado y que la banda est\u00e1 integrada por aproximadamente 12 sujetos.<br \/>La placa recuperada, que Yam Viana guardaba en un bolsillo de su bermuda, es la 4FUY5, perteneciente a una motocicleta robada horas antes de la detenci\u00f3n en la Unidad Morelos. <\/div>\n","protected":false},"excerpt":{"rendered":"<p>Cinco sujetos de una banda de ladrones de motocicletas fueron detenidos por elementos de la Secretar\u00eda de Seguridad P\u00fablica; cuatro viajaban en un mototaxi y el otro esperaba en el<\/p>\n","protected":false},"author":1,"featured_media":25496,"comment_status":"open","ping_status":"open","sticky":false,"template":"","format":"standard","meta":{"jetpack_post_was_ever_published":false,"_jetpack_newsletter_access":"","_jetpack_dont_email_post_to_subs":false,"_jetpack_newsletter_tier_id":0,"_jetpack_memberships_contains_paywalled_content":false,"_jetpack_memberships_contains_paid_content":false,"footnotes":"","jetpack_publicize_message":"","jetpack_publicize_feature_enabled":true,"jetpack_social_post_already_shared":false,"jetpack_social_options":{"image_generator_settings":{"template":"highway","default_image_id":0,"font":"","enabled":false},"version":2}},"categories":[3,57,1],"tags":[],"class_list":["post-7715","post","type-post","status-publish","format-standard","has-post-thumbnail","hentry","category-portada","category-ratas","category-sin-categoria"],"jetpack_publicize_connections":[],"jetpack_featured_media_url":"https:\/\/formalprision.com\/wp-content\/uploads\/2011\/10\/aaalos-demotos.jpg","jetpack_sharing_enabled":true,"jetpack_shortlink":"https:\/\/wp.me\/p6id8p-20r","_links":{"self":[{"href":"https:\/\/formalprision.com\/index.php?rest_route=\/wp\/v2\/posts\/7715","targetHints":{"allow":["GET"]}}],"collection":[{"href":"https:\/\/formalprision.com\/index.php?rest_route=\/wp\/v2\/posts"}],"about":[{"href":"https:\/\/formalprision.com\/index.php?rest_route=\/wp\/v2\/types\/post"}],"author":[{"embeddable":true,"href":"https:\/\/formalprision.com\/index.php?rest_route=\/wp\/v2\/users\/1"}],"replies":[{"embeddable":true,"href":"https:\/\/formalprision.com\/index.php?rest_route=%2Fwp%2Fv2%2Fcomments&post=7715"}],"version-history":[{"count":0,"href":"https:\/\/formalprision.com\/index.php?rest_route=\/wp\/v2\/posts\/7715\/revisions"}],"wp:featuredmedia":[{"embeddable":true,"href":"https:\/\/formalprision.com\/index.php?rest_route=\/wp\/v2\/media\/25496"}],"wp:attachment":[{"href":"https:\/\/formalprision.com\/index.php?rest_route=%2Fwp%2Fv2%2Fmedia&parent=7715"}],"wp:term":[{"taxonomy":"category","embeddable":true,"href":"https:\/\/formalprision.com\/index.php?rest_route=%2Fwp%2Fv2%2Fcategories&post=7715"},{"taxonomy":"post_tag","embeddable":true,"href":"https:\/\/formalprision.com\/index.php?rest_route=%2Fwp%2Fv2%2Ftags&post=7715"}],"curies":[{"name":"wp","href":"https:\/\/api.w.org\/{rel}","templated":true}]}}