{"id":7716,"date":"2011-10-22T18:01:00","date_gmt":"2011-10-22T18:01:00","guid":{"rendered":"http:\/\/formalprision.info\/2011\/10\/22\/incendio-en-una-fabrica-de-hilos\/"},"modified":"2015-06-03T08:55:02","modified_gmt":"2015-06-03T08:55:02","slug":"incendio-en-una-fabrica-de-hilos","status":"publish","type":"post","link":"https:\/\/formalprision.com\/?p=7716","title":{"rendered":"Incendio en una f\u00e1brica de hilos moviliza a los bomberos y deja un trabajador sofocado"},"content":{"rendered":"<p><a href=\"http:\/\/3.bp.blogspot.com\/-dIrjEJPxGZI\/TqMGcv6jAyI\/AAAAAAAAEiM\/pUBAr1cIiB0\/s1600\/aaaaductos.JPG\"><img decoding=\"async\" id=\"BLOGGER_PHOTO_ID_5666379847130350370\" style=\"FLOAT: left; MARGIN: 0px 10px 10px 0px; WIDTH: 320px; CURSOR: hand; HEIGHT: 213px\" alt=\"\" src=\"http:\/\/formalprision.com\/wp-content\/uploads\/2011\/10\/aaaaductos.jpg\" border=\"0\" \/><\/a><\/p>\n<div>La intervenci\u00f3n oportuna de elementos del Cuerpo de Bomberos de la Secretar\u00eda de Seguridad P\u00fablica evit\u00f3 un siniestro en la f\u00e1brica de hilos Fildi de M\u00e9xico, ubicada en la carretera Um\u00e1n-Muna, tramo Um\u00e1n-Xtep\u00e9n.<br \/>Los bomberos recibieron el reporte de un conato de incendio en los ductos subterr\u00e1neos donde se acumulan residuos de material, al parecer por un corto circuito, y de inmediato acudieron a esas instalaciones las unidades 831, 829, 833, 1889 y 800, bajo el mando del Comandante Manuel Sol\u00eds Moguel.<br \/>Entraron a los ductos y apagaron el fuego, evitando que \u00e9ste se propagara. <\/div>\n<p><\/p>\n<div>Un empleado de la empresa se sofoc\u00f3 al respirar bi\u00f3xido de carbono, fue atendido por los param\u00e9dicos de la SSP y no amerit\u00f3 traslado al hospital.<br \/>Al lugar tambi\u00e9n acudi\u00f3 personal de la Direcci\u00f3n estatal de Protecci\u00f3n Civil y de la Polic\u00eda Municipal de Um\u00e1n.<\/div>\n","protected":false},"excerpt":{"rendered":"<p>La intervenci\u00f3n oportuna de elementos del Cuerpo de Bomberos de la Secretar\u00eda de Seguridad P\u00fablica evit\u00f3 un siniestro en la f\u00e1brica de hilos Fildi de M\u00e9xico, ubicada en la carretera<\/p>\n","protected":false},"author":1,"featured_media":25498,"comment_status":"open","ping_status":"open","sticky":false,"template":"","format":"standard","meta":{"jetpack_post_was_ever_published":false,"_jetpack_newsletter_access":"","_jetpack_dont_email_post_to_subs":false,"_jetpack_newsletter_tier_id":0,"_jetpack_memberships_contains_paywalled_content":false,"_jetpack_memberships_contains_paid_content":false,"footnotes":"","jetpack_publicize_message":"","jetpack_publicize_feature_enabled":true,"jetpack_social_post_already_shared":false,"jetpack_social_options":{"image_generator_settings":{"template":"highway","default_image_id":0,"font":"","enabled":false},"version":2}},"categories":[56,3,1],"tags":[],"class_list":["post-7716","post","type-post","status-publish","format-standard","has-post-thumbnail","hentry","category-incendios","category-portada","category-sin-categoria"],"jetpack_publicize_connections":[],"jetpack_featured_media_url":"https:\/\/formalprision.com\/wp-content\/uploads\/2011\/10\/aaaaductos.jpg","jetpack_sharing_enabled":true,"jetpack_shortlink":"https:\/\/wp.me\/p6id8p-20s","_links":{"self":[{"href":"https:\/\/formalprision.com\/index.php?rest_route=\/wp\/v2\/posts\/7716","targetHints":{"allow":["GET"]}}],"collection":[{"href":"https:\/\/formalprision.com\/index.php?rest_route=\/wp\/v2\/posts"}],"about":[{"href":"https:\/\/formalprision.com\/index.php?rest_route=\/wp\/v2\/types\/post"}],"author":[{"embeddable":true,"href":"https:\/\/formalprision.com\/index.php?rest_route=\/wp\/v2\/users\/1"}],"replies":[{"embeddable":true,"href":"https:\/\/formalprision.com\/index.php?rest_route=%2Fwp%2Fv2%2Fcomments&post=7716"}],"version-history":[{"count":0,"href":"https:\/\/formalprision.com\/index.php?rest_route=\/wp\/v2\/posts\/7716\/revisions"}],"wp:featuredmedia":[{"embeddable":true,"href":"https:\/\/formalprision.com\/index.php?rest_route=\/wp\/v2\/media\/25498"}],"wp:attachment":[{"href":"https:\/\/formalprision.com\/index.php?rest_route=%2Fwp%2Fv2%2Fmedia&parent=7716"}],"wp:term":[{"taxonomy":"category","embeddable":true,"href":"https:\/\/formalprision.com\/index.php?rest_route=%2Fwp%2Fv2%2Fcategories&post=7716"},{"taxonomy":"post_tag","embeddable":true,"href":"https:\/\/formalprision.com\/index.php?rest_route=%2Fwp%2Fv2%2Ftags&post=7716"}],"curies":[{"name":"wp","href":"https:\/\/api.w.org\/{rel}","templated":true}]}}