{"id":7718,"date":"2011-10-21T19:25:00","date_gmt":"2011-10-21T19:25:00","guid":{"rendered":"http:\/\/formalprision.info\/2011\/10\/21\/jalon-de-orejas-de-nerio-torres-sus\/"},"modified":"2015-06-03T08:55:02","modified_gmt":"2015-06-03T08:55:02","slug":"jalon-de-orejas-de-nerio-torres-sus","status":"publish","type":"post","link":"https:\/\/formalprision.com\/?p=7718","title":{"rendered":"Jal\u00f3n de orejas de Nerio Torres a sus agremiados por accidente mortal; deben dar hasta los buenos d\u00edas"},"content":{"rendered":"<p><a href=\"http:\/\/3.bp.blogspot.com\/-CCReOKlqNFY\/TqEiAwJMVrI\/AAAAAAAAEh0\/SQPiBGDtttI\/s1600\/aaaaalamuchachaprobre.jpg\"><img decoding=\"async\" id=\"BLOGGER_PHOTO_ID_5665847202527598258\" style=\"FLOAT: left; MARGIN: 0px 10px 10px 0px; WIDTH: 320px; CURSOR: hand; HEIGHT: 240px\" alt=\"\" src=\"http:\/\/formalprision.com\/wp-content\/uploads\/2011\/10\/aaaaalamuchachaprobre.jpg\" border=\"0\" \/><\/a><\/p>\n<p><\/p>\n<div>El percance mortal ocasionado anteayer por el chofer de un taxi colectivo que manejaba distra\u00eddo hablando por radio motiv\u00f3 que el lider del Frente Unico de Trabajadores del Volane, Nerio Torres Ortiz, le jalara las orejas a sus agremiados.<\/div>\n<p><\/p>\n<div>Desde ayer, la mayor\u00eda de los choferes de las combis colectivas parecen otros, pues se volvieron amables y considerados con el pasaje, en especial los conductores de las unidades que viajan a Ciudad Caucel, ruta a la que pertenec\u00eda la unidad que ocasion\u00f3 la tr\u00e1gica muerte de una mujer en la avenida Canek.<\/div>\n<div>Los choferes, seg\u00fan se constat\u00f3, ahora dan hasta los buenos d\u00edas y las buenas tardes a sus pasajeros y, aunque parezca increible, no ponen en movimiento el veh\u00edculo apenas se baja un pasaje, como sol\u00edan hacerlo antes del accidente mortal.<\/div>\n<p><\/p>\n<div>Y eso si, qued\u00f3 prohibido el uso de la radio frecuencia o del celular mientras se maneja, incluso no deben usar los televisores que algunas combis llevan y ni siquiera subirle al volumen a los est\u00e9reos.<\/div>\n<p><\/p>\n<div>Los choferes consultados dijeron que les llamaron la atenci\u00f3n a ra\u00edz del accidente ocasionado por su compa\u00f1ero Jos\u00e9 Isidro Avila.<\/div>\n<p><\/p>\n<div>En ese percance, como infromamos, muri\u00f3 Mar\u00eda Sugelly Zapata Borges, quien fue atropellada por el conductor de una combi que iba distra\u00eddo hablando por la radio frecuencia del veh\u00edculo.<\/div>\n<div><\/div>\n","protected":false},"excerpt":{"rendered":"<p>El percance mortal ocasionado anteayer por el chofer de un taxi colectivo que manejaba distra\u00eddo hablando por radio motiv\u00f3 que el lider del Frente Unico de Trabajadores del Volane, Nerio<\/p>\n","protected":false},"author":1,"featured_media":25502,"comment_status":"open","ping_status":"open","sticky":false,"template":"","format":"standard","meta":{"jetpack_post_was_ever_published":false,"_jetpack_newsletter_access":"","_jetpack_dont_email_post_to_subs":false,"_jetpack_newsletter_tier_id":0,"_jetpack_memberships_contains_paywalled_content":false,"_jetpack_memberships_contains_paid_content":false,"footnotes":"","jetpack_publicize_message":"","jetpack_publicize_feature_enabled":true,"jetpack_social_post_already_shared":false,"jetpack_social_options":{"image_generator_settings":{"template":"highway","default_image_id":0,"font":"","enabled":false},"version":2}},"categories":[60,3,1],"tags":[],"class_list":["post-7718","post","type-post","status-publish","format-standard","has-post-thumbnail","hentry","category-cafres","category-portada","category-sin-categoria"],"jetpack_publicize_connections":[],"jetpack_featured_media_url":"https:\/\/formalprision.com\/wp-content\/uploads\/2011\/10\/aaaaalamuchachaprobre.jpg","jetpack_sharing_enabled":true,"jetpack_shortlink":"https:\/\/wp.me\/p6id8p-20u","_links":{"self":[{"href":"https:\/\/formalprision.com\/index.php?rest_route=\/wp\/v2\/posts\/7718","targetHints":{"allow":["GET"]}}],"collection":[{"href":"https:\/\/formalprision.com\/index.php?rest_route=\/wp\/v2\/posts"}],"about":[{"href":"https:\/\/formalprision.com\/index.php?rest_route=\/wp\/v2\/types\/post"}],"author":[{"embeddable":true,"href":"https:\/\/formalprision.com\/index.php?rest_route=\/wp\/v2\/users\/1"}],"replies":[{"embeddable":true,"href":"https:\/\/formalprision.com\/index.php?rest_route=%2Fwp%2Fv2%2Fcomments&post=7718"}],"version-history":[{"count":0,"href":"https:\/\/formalprision.com\/index.php?rest_route=\/wp\/v2\/posts\/7718\/revisions"}],"wp:featuredmedia":[{"embeddable":true,"href":"https:\/\/formalprision.com\/index.php?rest_route=\/wp\/v2\/media\/25502"}],"wp:attachment":[{"href":"https:\/\/formalprision.com\/index.php?rest_route=%2Fwp%2Fv2%2Fmedia&parent=7718"}],"wp:term":[{"taxonomy":"category","embeddable":true,"href":"https:\/\/formalprision.com\/index.php?rest_route=%2Fwp%2Fv2%2Fcategories&post=7718"},{"taxonomy":"post_tag","embeddable":true,"href":"https:\/\/formalprision.com\/index.php?rest_route=%2Fwp%2Fv2%2Ftags&post=7718"}],"curies":[{"name":"wp","href":"https:\/\/api.w.org\/{rel}","templated":true}]}}