{"id":7721,"date":"2011-10-21T15:36:00","date_gmt":"2011-10-21T15:36:00","guid":{"rendered":"http:\/\/formalprision.info\/2011\/10\/21\/un-patron-de-barco-y-sus-pescadores\/"},"modified":"2015-06-03T08:55:03","modified_gmt":"2015-06-03T08:55:03","slug":"un-patron-de-barco-y-sus-pescadores","status":"publish","type":"post","link":"https:\/\/formalprision.com\/?p=7721","title":{"rendered":"Un patr\u00f3n de barco y sus pescadores golpeados en una volcadura"},"content":{"rendered":"<p><a href=\"http:\/\/3.bp.blogspot.com\/-_HAHjQ_vOxE\/TqEdUDkTSYI\/AAAAAAAAEho\/EEdkGUbhzTc\/s1600\/aaavolcadadeprogro.jpg\"><img decoding=\"async\" id=\"BLOGGER_PHOTO_ID_5665842036600949122\" style=\"FLOAT: left; MARGIN: 0px 10px 10px 0px; WIDTH: 320px; CURSOR: hand; HEIGHT: 240px\" alt=\"\" src=\"http:\/\/formalprision.com\/wp-content\/uploads\/2011\/10\/aaavolcadadeprogro.jpg\" border=\"0\" \/><\/a><\/p>\n<div>Un aparatoso accidente de tr\u00e1nsito se registr\u00f3 ayer en el libramiento Progreso-Chicxulub, aunque sin consecuencias que lamentar.<\/div>\n<p><\/p>\n<div>El percance ocasion\u00f3 la volcadura de una camioneta Honda que transitaba en preferencia.<\/div>\n<p><\/p>\n<div>De acuerdo con la SSP, el accidente fue protagonizado por el patr\u00f3n de barco progrese\u00f1p William Oswaldo Uicab Canul, quien de manera negligente invadi\u00f3 el libramiento a la altura de la calle 46 (Corchito), ocasionando que la Honda CRV manejada por Juan Gabriel Quintal Pech chocara contra un poste de alumbrado p\u00fablico y volcara sobre su costado derecho.<\/div>\n<div>El accidente ocasion\u00f3 el cierre parcial de esa avenida a la altura de la glorieta, ubicada cerca del Tecnol\u00f3gico de Progreso.<\/div>\n<p><\/p>\n<div>No se reportaron lesionados de gravedad, solo varios pescadores golpeados, al igual que el guiador de la Honda que volc\u00f3.<a id=\"comentarios\"><\/a> <\/div>\n","protected":false},"excerpt":{"rendered":"<p>Un aparatoso accidente de tr\u00e1nsito se registr\u00f3 ayer en el libramiento Progreso-Chicxulub, aunque sin consecuencias que lamentar. El percance ocasion\u00f3 la volcadura de una camioneta Honda que transitaba en preferencia.<\/p>\n","protected":false},"author":1,"featured_media":25508,"comment_status":"open","ping_status":"open","sticky":false,"template":"","format":"standard","meta":{"jetpack_post_was_ever_published":false,"_jetpack_newsletter_access":"","_jetpack_dont_email_post_to_subs":false,"_jetpack_newsletter_tier_id":0,"_jetpack_memberships_contains_paywalled_content":false,"_jetpack_memberships_contains_paid_content":false,"footnotes":"","jetpack_publicize_message":"","jetpack_publicize_feature_enabled":true,"jetpack_social_post_already_shared":false,"jetpack_social_options":{"image_generator_settings":{"template":"highway","default_image_id":0,"font":"","enabled":false},"version":2}},"categories":[60,3,1],"tags":[],"class_list":["post-7721","post","type-post","status-publish","format-standard","has-post-thumbnail","hentry","category-cafres","category-portada","category-sin-categoria"],"jetpack_publicize_connections":[],"jetpack_featured_media_url":"https:\/\/formalprision.com\/wp-content\/uploads\/2011\/10\/aaavolcadadeprogro.jpg","jetpack_sharing_enabled":true,"jetpack_shortlink":"https:\/\/wp.me\/p6id8p-20x","_links":{"self":[{"href":"https:\/\/formalprision.com\/index.php?rest_route=\/wp\/v2\/posts\/7721","targetHints":{"allow":["GET"]}}],"collection":[{"href":"https:\/\/formalprision.com\/index.php?rest_route=\/wp\/v2\/posts"}],"about":[{"href":"https:\/\/formalprision.com\/index.php?rest_route=\/wp\/v2\/types\/post"}],"author":[{"embeddable":true,"href":"https:\/\/formalprision.com\/index.php?rest_route=\/wp\/v2\/users\/1"}],"replies":[{"embeddable":true,"href":"https:\/\/formalprision.com\/index.php?rest_route=%2Fwp%2Fv2%2Fcomments&post=7721"}],"version-history":[{"count":0,"href":"https:\/\/formalprision.com\/index.php?rest_route=\/wp\/v2\/posts\/7721\/revisions"}],"wp:featuredmedia":[{"embeddable":true,"href":"https:\/\/formalprision.com\/index.php?rest_route=\/wp\/v2\/media\/25508"}],"wp:attachment":[{"href":"https:\/\/formalprision.com\/index.php?rest_route=%2Fwp%2Fv2%2Fmedia&parent=7721"}],"wp:term":[{"taxonomy":"category","embeddable":true,"href":"https:\/\/formalprision.com\/index.php?rest_route=%2Fwp%2Fv2%2Fcategories&post=7721"},{"taxonomy":"post_tag","embeddable":true,"href":"https:\/\/formalprision.com\/index.php?rest_route=%2Fwp%2Fv2%2Ftags&post=7721"}],"curies":[{"name":"wp","href":"https:\/\/api.w.org\/{rel}","templated":true}]}}