{"id":7730,"date":"2011-10-19T13:32:00","date_gmt":"2011-10-19T13:32:00","guid":{"rendered":"http:\/\/formalprision.info\/2011\/10\/19\/taxista-arrrolla-y-mata-empleada-de-una\/"},"modified":"2015-06-03T08:55:05","modified_gmt":"2015-06-03T08:55:05","slug":"taxista-arrrolla-y-mata-empleada-de-una","status":"publish","type":"post","link":"https:\/\/formalprision.com\/?p=7730","title":{"rendered":"Taxista arrrolla y mata a empleada de una maquiladora"},"content":{"rendered":"<p><a href=\"http:\/\/3.bp.blogspot.com\/-oGhWbnaqW0c\/Tp7SB72v7OI\/AAAAAAAAEgg\/shgZzATynCg\/s1600\/aaaaa%2Bla%2Bporbremujer.jpg\"><img decoding=\"async\" id=\"BLOGGER_PHOTO_ID_5665196311967689954\" style=\"FLOAT: left; MARGIN: 0px 10px 10px 0px; WIDTH: 320px; CURSOR: hand; HEIGHT: 240px\" alt=\"\" src=\"http:\/\/formalprision.com\/wp-content\/uploads\/2011\/10\/aaaaa-la-porbremujer.jpg\" border=\"0\" \/><\/a><\/p>\n<div>Mar\u00eda Sugelly Zapata Burgos, de 34 a\u00f1os de edad, falleci\u00f3 atropellada esta ma\u00f1ana en la avenida Canek.<br \/>Ella fue arrollada por un taxi colectivo de la ruta Ciudad Caucel cuando cruzaba la avenida. Jos\u00e9 Isidro Avila Rojas. conductor del taxi, fue detenido, ya que iba distra\u00eddo hablando por radio cuando ocurri\u00f3 el percance.<br \/>El fatal accidente ocurri\u00f3 poco antes de las 7 de la ma\u00f1ana a la altura de la entrada al Fracc. Las Fuentes y ocasion\u00f3 gigantesco caos vial <\/div>\n<p><\/p>\n<div>La ahora occisa fue identificada por su hermano Juan Zapata, quien dijo que ella se dirigia a trabajar a una maquiladora del Parque de Industrias No Contaminantes <\/div>\n","protected":false},"excerpt":{"rendered":"<p>Mar\u00eda Sugelly Zapata Burgos, de 34 a\u00f1os de edad, falleci\u00f3 atropellada esta ma\u00f1ana en la avenida Canek.Ella fue arrollada por un taxi colectivo de la ruta Ciudad Caucel cuando cruzaba<\/p>\n","protected":false},"author":1,"featured_media":25525,"comment_status":"open","ping_status":"open","sticky":false,"template":"","format":"standard","meta":{"jetpack_post_was_ever_published":false,"_jetpack_newsletter_access":"","_jetpack_dont_email_post_to_subs":false,"_jetpack_newsletter_tier_id":0,"_jetpack_memberships_contains_paywalled_content":false,"_jetpack_memberships_contains_paid_content":false,"footnotes":"","jetpack_publicize_message":"","jetpack_publicize_feature_enabled":true,"jetpack_social_post_already_shared":false,"jetpack_social_options":{"image_generator_settings":{"template":"highway","default_image_id":0,"font":"","enabled":false},"version":2}},"categories":[60,44,3,1],"tags":[],"class_list":["post-7730","post","type-post","status-publish","format-standard","has-post-thumbnail","hentry","category-cafres","category-morgue","category-portada","category-sin-categoria"],"jetpack_publicize_connections":[],"jetpack_featured_media_url":"https:\/\/formalprision.com\/wp-content\/uploads\/2011\/10\/aaaaa-la-porbremujer.jpg","jetpack_sharing_enabled":true,"jetpack_shortlink":"https:\/\/wp.me\/p6id8p-20G","_links":{"self":[{"href":"https:\/\/formalprision.com\/index.php?rest_route=\/wp\/v2\/posts\/7730","targetHints":{"allow":["GET"]}}],"collection":[{"href":"https:\/\/formalprision.com\/index.php?rest_route=\/wp\/v2\/posts"}],"about":[{"href":"https:\/\/formalprision.com\/index.php?rest_route=\/wp\/v2\/types\/post"}],"author":[{"embeddable":true,"href":"https:\/\/formalprision.com\/index.php?rest_route=\/wp\/v2\/users\/1"}],"replies":[{"embeddable":true,"href":"https:\/\/formalprision.com\/index.php?rest_route=%2Fwp%2Fv2%2Fcomments&post=7730"}],"version-history":[{"count":0,"href":"https:\/\/formalprision.com\/index.php?rest_route=\/wp\/v2\/posts\/7730\/revisions"}],"wp:featuredmedia":[{"embeddable":true,"href":"https:\/\/formalprision.com\/index.php?rest_route=\/wp\/v2\/media\/25525"}],"wp:attachment":[{"href":"https:\/\/formalprision.com\/index.php?rest_route=%2Fwp%2Fv2%2Fmedia&parent=7730"}],"wp:term":[{"taxonomy":"category","embeddable":true,"href":"https:\/\/formalprision.com\/index.php?rest_route=%2Fwp%2Fv2%2Fcategories&post=7730"},{"taxonomy":"post_tag","embeddable":true,"href":"https:\/\/formalprision.com\/index.php?rest_route=%2Fwp%2Fv2%2Ftags&post=7730"}],"curies":[{"name":"wp","href":"https:\/\/api.w.org\/{rel}","templated":true}]}}