{"id":77400,"date":"2020-04-06T21:39:00","date_gmt":"2020-04-07T02:39:00","guid":{"rendered":"http:\/\/formalprision.com\/?p=77400"},"modified":"2020-04-07T11:37:53","modified_gmt":"2020-04-07T16:37:53","slug":"aprovecha-la-cuarentena-y-abusa-de-su-cunada","status":"publish","type":"post","link":"https:\/\/formalprision.com\/?p=77400","title":{"rendered":"Aprovecha la  cuarentena y  abusa de su cu\u00f1ada"},"content":{"rendered":"\n<p>La Fiscal\u00eda General del Estado (FGE) formul\u00f3 la imputaci\u00f3n a Luis \u00c1ngel L.Ch. por abusar sexualmente de su adolescente cu\u00f1ada.<\/p>\n\n\n\n<p>Es procesado por el delito de violaci\u00f3n agravada, denunciado tras los hechos ocurridos el pasado dos de abril en un predio en el fraccionamiento ACIM II, de Um\u00e1n.<\/p>\n\n\n\n<p>Durante la audiencia realizada en el Juzgado Primero de Control del Cuarto Distrito, se decret\u00f3 la legalidad en la detenci\u00f3n y el detenido estuvo de acuerdo en que se definiera su condici\u00f3n legal, por lo que la juez decret\u00f3 el auto de vinculaci\u00f3n a proceso del imputado.<\/p>\n\n\n\n<p>Por \u00faltimo, se dict\u00f3 prisi\u00f3n preventiva por todo el tiempo que dure el proceso y adem\u00e1s la juez otorg\u00f3 un plazo de tres meses y 15 d\u00edas para el cierre de investigaci\u00f3n complementaria.<\/p>\n\n\n\n<p>De acuerdo con la informaci\u00f3n reunida en la causa penal 30\/2020, los hechos ocurrieron en un predio ubicado en la calle 52 del citado fraccionamiento, donde haciendo uso de la violencia f\u00edsica y moral, presuntamente viol\u00f3 a la hermana de la pareja sentimental del imputado. Ella estaba en la casa pasando la cuarentena.<\/p>\n\n\n\n<p>El sujeto la amenazo con hacerle da\u00f1o a su hermana si dec\u00eda algo, pero la adolescente de 16 a\u00f1os se arm\u00f3 de valor y le cont\u00f3 todo a sus familiares y fue asi como se logr\u00f3 la captura del sujeto<\/p>\n","protected":false},"excerpt":{"rendered":"<p>La Fiscal\u00eda General del Estado (FGE) formul\u00f3 la imputaci\u00f3n a Luis \u00c1ngel L.Ch. por abusar sexualmente de su adolescente cu\u00f1ada. Es procesado por el delito de violaci\u00f3n agravada, denunciado tras<\/p>\n","protected":false},"author":1,"featured_media":76855,"comment_status":"open","ping_status":"open","sticky":false,"template":"","format":"standard","meta":{"jetpack_post_was_ever_published":false,"_jetpack_newsletter_access":"","_jetpack_dont_email_post_to_subs":false,"_jetpack_newsletter_tier_id":0,"_jetpack_memberships_contains_paywalled_content":false,"_jetpack_memberships_contains_paid_content":false,"footnotes":"","jetpack_publicize_message":"","jetpack_publicize_feature_enabled":true,"jetpack_social_post_already_shared":true,"jetpack_social_options":{"image_generator_settings":{"template":"highway","default_image_id":0,"font":"","enabled":false},"version":2}},"categories":[3,55],"tags":[],"class_list":["post-77400","post","type-post","status-publish","format-standard","has-post-thumbnail","hentry","category-portada","category-violines"],"jetpack_publicize_connections":[],"jetpack_featured_media_url":"https:\/\/formalprision.com\/wp-content\/uploads\/2020\/03\/B9E36DA0-4CA1-4C94-B1E0-49FB9E085D9A.jpeg","jetpack_sharing_enabled":true,"jetpack_shortlink":"https:\/\/wp.me\/p6id8p-k8o","_links":{"self":[{"href":"https:\/\/formalprision.com\/index.php?rest_route=\/wp\/v2\/posts\/77400","targetHints":{"allow":["GET"]}}],"collection":[{"href":"https:\/\/formalprision.com\/index.php?rest_route=\/wp\/v2\/posts"}],"about":[{"href":"https:\/\/formalprision.com\/index.php?rest_route=\/wp\/v2\/types\/post"}],"author":[{"embeddable":true,"href":"https:\/\/formalprision.com\/index.php?rest_route=\/wp\/v2\/users\/1"}],"replies":[{"embeddable":true,"href":"https:\/\/formalprision.com\/index.php?rest_route=%2Fwp%2Fv2%2Fcomments&post=77400"}],"version-history":[{"count":0,"href":"https:\/\/formalprision.com\/index.php?rest_route=\/wp\/v2\/posts\/77400\/revisions"}],"wp:featuredmedia":[{"embeddable":true,"href":"https:\/\/formalprision.com\/index.php?rest_route=\/wp\/v2\/media\/76855"}],"wp:attachment":[{"href":"https:\/\/formalprision.com\/index.php?rest_route=%2Fwp%2Fv2%2Fmedia&parent=77400"}],"wp:term":[{"taxonomy":"category","embeddable":true,"href":"https:\/\/formalprision.com\/index.php?rest_route=%2Fwp%2Fv2%2Fcategories&post=77400"},{"taxonomy":"post_tag","embeddable":true,"href":"https:\/\/formalprision.com\/index.php?rest_route=%2Fwp%2Fv2%2Ftags&post=77400"}],"curies":[{"name":"wp","href":"https:\/\/api.w.org\/{rel}","templated":true}]}}