{"id":7754,"date":"2011-10-13T17:19:00","date_gmt":"2011-10-13T17:19:00","guid":{"rendered":"http:\/\/formalprision.info\/2011\/10\/13\/acuerdan-autoridades-y-coyotes-nueva\/"},"modified":"2015-06-03T08:55:12","modified_gmt":"2015-06-03T08:55:12","slug":"acuerdan-autoridades-y-coyotes-nueva","status":"publish","type":"post","link":"https:\/\/formalprision.com\/?p=7754","title":{"rendered":"Acuerdan autoridades y coyotes nueva sede para el tianguis de autom\u00f3viles"},"content":{"rendered":"<p><a href=\"http:\/\/1.bp.blogspot.com\/-OvGarnl-zLg\/TpceP5nw7QI\/AAAAAAAAEa4\/DztnouorGGE\/s1600\/aaanuevasede.JPG\"><img decoding=\"async\" id=\"BLOGGER_PHOTO_ID_5663028314956164354\" style=\"FLOAT: left; MARGIN: 0px 10px 10px 0px; WIDTH: 320px; CURSOR: hand; HEIGHT: 213px\" alt=\"\" src=\"http:\/\/formalprision.com\/wp-content\/uploads\/2011\/10\/aaanuevasede.jpg\" border=\"0\" \/><\/a><\/p>\n<div>El tianguis de autom\u00f3viles que por aproximadamente 30 a\u00f1os ocup\u00f3 la v\u00eda p\u00fablica en los alrededores del Parque de la Paz, funcionar\u00e1 a partir de este domingo en un espacio ordenado, seguro y con servicios, acordaron ayer autoridades de la Secretar\u00eda de Seguridad P\u00fablica, del Ayuntamiento de M\u00e9rida y comerciantes de veh\u00edculos usados.<br \/>La Comuna paviment\u00f3 una superficie de tres hect\u00e1reas aleda\u00f1a a la Central de Abastos, en la que estar\u00e1n delimitados los cajones de estacionamiento y contar\u00e1 con servicios como agua potable, sanitarios e internet, entre otros.<br \/>La Secretar\u00eda de Seguridad P\u00fablica cuidar\u00e1 la seguridad y el orden, as\u00ed como la vialidad, para que la comercializaci\u00f3n se d\u00e9 exclusivamente en esa zona y no m\u00e1s en las calles, en cumplimiento del Reglamento de Tr\u00e1nsito y Vialidad que proh\u00edbe la venta de veh\u00edculos en la v\u00eda p\u00fablica.<br \/>Comerciantes de autos dialogaron esta noche con el subsecretario de Servicios Viales de la SSP, Cmdte. Mart\u00edn Inurreta Dom\u00ednguez, y con el director de Obras P\u00fablicas del Ayuntamiento, Arq. Antonio Duarte Brice\u00f1o, en el edificio de la Corporaci\u00f3n. Los tianguistas reconocieron que la medida otorga seguridad y comodidad a todos.<br \/>La Comuna fijar\u00e1 una cuota para cada auto en venta por el uso de esas instalaciones, la cual se acordar\u00e1 posteriormente; este domingo 16 el acceso ser\u00e1 gratuito.<br \/>Los tianguistas son aproximadamente 600 y ofertan entre 800 y mil autom\u00f3viles cada semana, dijeron al reconocer que los carros emplacados en Yucat\u00e1n tienen mejor demanda que los de otras entidades, por las medidas que aplica la Secretar\u00eda de Seguridad P\u00fablica para comprobar la legalidad de \u00e9stos.<\/div>\n","protected":false},"excerpt":{"rendered":"<p>El tianguis de autom\u00f3viles que por aproximadamente 30 a\u00f1os ocup\u00f3 la v\u00eda p\u00fablica en los alrededores del Parque de la Paz, funcionar\u00e1 a partir de este domingo en un espacio<\/p>\n","protected":false},"author":1,"featured_media":25571,"comment_status":"open","ping_status":"open","sticky":false,"template":"","format":"standard","meta":{"jetpack_post_was_ever_published":false,"_jetpack_newsletter_access":"","_jetpack_dont_email_post_to_subs":false,"_jetpack_newsletter_tier_id":0,"_jetpack_memberships_contains_paywalled_content":false,"_jetpack_memberships_contains_paid_content":false,"footnotes":"","jetpack_publicize_message":"","jetpack_publicize_feature_enabled":true,"jetpack_social_post_already_shared":false,"jetpack_social_options":{"image_generator_settings":{"template":"highway","default_image_id":0,"font":"","enabled":false},"version":2}},"categories":[3,1,49],"tags":[],"class_list":["post-7754","post","type-post","status-publish","format-standard","has-post-thumbnail","hentry","category-portada","category-sin-categoria","category-tocho-morocho"],"jetpack_publicize_connections":[],"jetpack_featured_media_url":"https:\/\/formalprision.com\/wp-content\/uploads\/2011\/10\/aaanuevasede.jpg","jetpack_sharing_enabled":true,"jetpack_shortlink":"https:\/\/wp.me\/p6id8p-214","_links":{"self":[{"href":"https:\/\/formalprision.com\/index.php?rest_route=\/wp\/v2\/posts\/7754","targetHints":{"allow":["GET"]}}],"collection":[{"href":"https:\/\/formalprision.com\/index.php?rest_route=\/wp\/v2\/posts"}],"about":[{"href":"https:\/\/formalprision.com\/index.php?rest_route=\/wp\/v2\/types\/post"}],"author":[{"embeddable":true,"href":"https:\/\/formalprision.com\/index.php?rest_route=\/wp\/v2\/users\/1"}],"replies":[{"embeddable":true,"href":"https:\/\/formalprision.com\/index.php?rest_route=%2Fwp%2Fv2%2Fcomments&post=7754"}],"version-history":[{"count":0,"href":"https:\/\/formalprision.com\/index.php?rest_route=\/wp\/v2\/posts\/7754\/revisions"}],"wp:featuredmedia":[{"embeddable":true,"href":"https:\/\/formalprision.com\/index.php?rest_route=\/wp\/v2\/media\/25571"}],"wp:attachment":[{"href":"https:\/\/formalprision.com\/index.php?rest_route=%2Fwp%2Fv2%2Fmedia&parent=7754"}],"wp:term":[{"taxonomy":"category","embeddable":true,"href":"https:\/\/formalprision.com\/index.php?rest_route=%2Fwp%2Fv2%2Fcategories&post=7754"},{"taxonomy":"post_tag","embeddable":true,"href":"https:\/\/formalprision.com\/index.php?rest_route=%2Fwp%2Fv2%2Ftags&post=7754"}],"curies":[{"name":"wp","href":"https:\/\/api.w.org\/{rel}","templated":true}]}}