{"id":7757,"date":"2011-10-12T19:43:00","date_gmt":"2011-10-12T19:43:00","guid":{"rendered":"http:\/\/formalprision.info\/2011\/10\/12\/se-cumplen-17-anos-de-un-secuestro-en\/"},"modified":"2015-06-03T08:55:13","modified_gmt":"2015-06-03T08:55:13","slug":"se-cumplen-17-anos-de-un-secuestro-en","status":"publish","type":"post","link":"https:\/\/formalprision.com\/?p=7757","title":{"rendered":"Se cumplen 17 a\u00f1os de un secuestro en M\u00e9rida; los responsables cerca de salir libres"},"content":{"rendered":"<p><a href=\"http:\/\/2.bp.blogspot.com\/-D8mqz2guyUE\/TpU5vid03sI\/AAAAAAAAEZw\/JXhq1Clh0os\/s1600\/aaaalapintura%2Bdezindy.jpg\"><img decoding=\"async\" id=\"BLOGGER_PHOTO_ID_5662495595356806850\" style=\"FLOAT: left; MARGIN: 0px 10px 10px 0px; WIDTH: 320px; CURSOR: hand; HEIGHT: 240px\" alt=\"\" src=\"http:\/\/formalprision.com\/wp-content\/uploads\/2011\/10\/aaaalapintura-dezindy.jpg\" border=\"0\" \/><\/a><\/p>\n<div>Este d\u00eda se cumplen 17 a\u00f1os del secuestro y homicidio del abogado Augusto L\u00f3pez Canto.<\/div>\n<p><\/p>\n<div>El principal acusado por este crimen, Jorge Humberto Pacheco R\u00edo, se encuentra muerto tambi\u00e9n, pues falleci\u00f3 en el penal meridano en abril de 2010, donde cumpl\u00eda condena pro este caso.<\/div>\n<p><\/p>\n<div>Sin embargo, otros dos de los implicados en el caso, Francisco Sandoval Correa y Joaqu\u00edn Alejandro Abreu Bar\u00f3n, contin\u00faan pr\u00f3fugos y al parecer ya pr\u00f3ximos a obtener la prescripci\u00f3n del delito, por lo que ya no podr\u00edan ser detenidos y juzgados por este crimen,..<\/div>\n<p><\/p>\n<div>Adem\u00e1s, los otros dos detenidos tambi\u00e9n estar\u00edan pr\u00f3ximos a obtener su libertad anticipada.<\/div>\n<p><\/p>\n<div>Se tratan de Joaqu\u00edn Mandujano Manzanilla, quien ha cumplido ya 16 de los 25 a\u00f1os que se le impuso y Zindy Abreu Bar\u00f3n, que ha compurgado 12 de los 21 a\u00f1os de c\u00e1rcel que recibi\u00f3 como sentencia.<\/div>\n<p><\/p>\n<div>Los dos tienen derecho a la reducci\u00f3n de la pena por buen comportamiento, por lo que estar\u00edan en miras ya de salir de la c\u00e1rcel si se les concede el beneficio.<\/div>\n<p><\/p>\n<div>L\u00f3pez Canto fue secuestrado el mi\u00e9rcoles 12 de octubre de 1994 y su cad\u00e1ver fue hallado cinco d\u00edas despu\u00e9s en un paraje del municipio de Opich\u00e9n, con tres balazos en la cabeza y dos en el pecho.<\/div>\n<p><\/p>\n<div>L\u00f3pez Canto y Pacheco R\u00edo estudiaron en la Universidad del Mayab y el segundo plane\u00f3 el secuestro de su compa\u00f1ero para obtener dinero f\u00e1cil, pero como lo reconoci\u00f3, dispuso que lo mataran.<\/div>\n<p><\/p>\n<div><\/div>\n","protected":false},"excerpt":{"rendered":"<p>Este d\u00eda se cumplen 17 a\u00f1os del secuestro y homicidio del abogado Augusto L\u00f3pez Canto. El principal acusado por este crimen, Jorge Humberto Pacheco R\u00edo, se encuentra muerto tambi\u00e9n, pues<\/p>\n","protected":false},"author":1,"featured_media":25577,"comment_status":"open","ping_status":"open","sticky":false,"template":"","format":"standard","meta":{"jetpack_post_was_ever_published":false,"_jetpack_newsletter_access":"","_jetpack_dont_email_post_to_subs":false,"_jetpack_newsletter_tier_id":0,"_jetpack_memberships_contains_paywalled_content":false,"_jetpack_memberships_contains_paid_content":false,"footnotes":"","jetpack_publicize_message":"","jetpack_publicize_feature_enabled":true,"jetpack_social_post_already_shared":false,"jetpack_social_options":{"image_generator_settings":{"template":"highway","default_image_id":0,"font":"","enabled":false},"version":2}},"categories":[59,45,3,1],"tags":[],"class_list":["post-7757","post","type-post","status-publish","format-standard","has-post-thumbnail","hentry","category-asesinos","category-delincuentes-vip","category-portada","category-sin-categoria"],"jetpack_publicize_connections":[],"jetpack_featured_media_url":"https:\/\/formalprision.com\/wp-content\/uploads\/2011\/10\/aaaalapintura-dezindy.jpg","jetpack_sharing_enabled":true,"jetpack_shortlink":"https:\/\/wp.me\/p6id8p-217","_links":{"self":[{"href":"https:\/\/formalprision.com\/index.php?rest_route=\/wp\/v2\/posts\/7757","targetHints":{"allow":["GET"]}}],"collection":[{"href":"https:\/\/formalprision.com\/index.php?rest_route=\/wp\/v2\/posts"}],"about":[{"href":"https:\/\/formalprision.com\/index.php?rest_route=\/wp\/v2\/types\/post"}],"author":[{"embeddable":true,"href":"https:\/\/formalprision.com\/index.php?rest_route=\/wp\/v2\/users\/1"}],"replies":[{"embeddable":true,"href":"https:\/\/formalprision.com\/index.php?rest_route=%2Fwp%2Fv2%2Fcomments&post=7757"}],"version-history":[{"count":0,"href":"https:\/\/formalprision.com\/index.php?rest_route=\/wp\/v2\/posts\/7757\/revisions"}],"wp:featuredmedia":[{"embeddable":true,"href":"https:\/\/formalprision.com\/index.php?rest_route=\/wp\/v2\/media\/25577"}],"wp:attachment":[{"href":"https:\/\/formalprision.com\/index.php?rest_route=%2Fwp%2Fv2%2Fmedia&parent=7757"}],"wp:term":[{"taxonomy":"category","embeddable":true,"href":"https:\/\/formalprision.com\/index.php?rest_route=%2Fwp%2Fv2%2Fcategories&post=7757"},{"taxonomy":"post_tag","embeddable":true,"href":"https:\/\/formalprision.com\/index.php?rest_route=%2Fwp%2Fv2%2Ftags&post=7757"}],"curies":[{"name":"wp","href":"https:\/\/api.w.org\/{rel}","templated":true}]}}