{"id":7761,"date":"2011-10-11T19:59:00","date_gmt":"2011-10-11T19:59:00","guid":{"rendered":"http:\/\/formalprision.info\/2011\/10\/11\/el-ayuntamiento-poda-decenas-de-arboles\/"},"modified":"2015-06-03T08:55:13","modified_gmt":"2015-06-03T08:55:13","slug":"el-ayuntamiento-poda-decenas-de-arboles","status":"publish","type":"post","link":"https:\/\/formalprision.com\/?p=7761","title":{"rendered":"El Ayuntamiento poda decenas de \u00e1rboles de la Prolongaci\u00f3n de Paseo de Montejo"},"content":{"rendered":"<p><a href=\"http:\/\/2.bp.blogspot.com\/-dNHuYUhPv6c\/TpR7QxioT6I\/AAAAAAAAEZA\/Sja8GReav1U\/s1600\/aaalapoda.jpg\"><img decoding=\"async\" id=\"BLOGGER_PHOTO_ID_5662286159618264994\" style=\"FLOAT: left; MARGIN: 0px 10px 10px 0px; WIDTH: 214px; CURSOR: hand; HEIGHT: 320px\" alt=\"\" src=\"http:\/\/formalprision.com\/wp-content\/uploads\/2011\/10\/aaalapoda.jpg\" border=\"0\" \/><\/a><\/p>\n<div>El Ayuntamiento de M\u00e9rida llev\u00f3 a cabo la poda de los \u00e1rboles de la Prolongaci\u00f3n del Paseo de Montejo.<\/div>\n<p><\/p>\n<div>La poda se realiz\u00f3 como parte de los trabajos complementarios por la peusta en operaci\u00f3n del Paso Deprimido en la Glorieta de la Paz.<\/div>\n<p><\/p>\n<div>Con ello, seg\u00fan informaron los trabajadores que podaron los \u00e1rboles, se mejorar\u00e1 la visibilidad de los conductores para que est\u00e9n m\u00e1s atentos a los cambios dipuestos en esa zna.<\/div>\n<p><\/p>\n<div>Y es que la Secretar\u00eda de Seguridad P\u00fablica realiz\u00f3 algunos cambios sobre la Prolongaci\u00f3n, como la instalaci\u00f3n de nuevos sem\u00e1foros, la cancelaci\u00f3n de retornos y otras adecuaciones viales, como reducci\u00f3n de los tiempos en alguinos sem\u00e1oforos y se suprimieron vueltas en U, a la derecha y a la izquieda.<\/div>\n<p><\/p>\n<div>Los \u00e1rboles que se podaron son los que se ubican en todo el camell\u00f3n, desde la zona donde concluye el t\u00fanel hasta el Club campestre.<\/div>\n<div>Se cortaron principalmente las ramas que se extend\u00edan a la calle.<\/div>\n<p><\/p>\n<div>Los trabajos se realizaron ayer lunes y concluyeron este martes.<\/div>\n","protected":false},"excerpt":{"rendered":"<p>El Ayuntamiento de M\u00e9rida llev\u00f3 a cabo la poda de los \u00e1rboles de la Prolongaci\u00f3n del Paseo de Montejo. La poda se realiz\u00f3 como parte de los trabajos complementarios por<\/p>\n","protected":false},"author":1,"featured_media":25585,"comment_status":"open","ping_status":"open","sticky":false,"template":"","format":"standard","meta":{"jetpack_post_was_ever_published":false,"_jetpack_newsletter_access":"","_jetpack_dont_email_post_to_subs":false,"_jetpack_newsletter_tier_id":0,"_jetpack_memberships_contains_paywalled_content":false,"_jetpack_memberships_contains_paid_content":false,"footnotes":"","jetpack_publicize_message":"","jetpack_publicize_feature_enabled":true,"jetpack_social_post_already_shared":false,"jetpack_social_options":{"image_generator_settings":{"template":"highway","default_image_id":0,"font":"","enabled":false},"version":2}},"categories":[3,1,49],"tags":[],"class_list":["post-7761","post","type-post","status-publish","format-standard","has-post-thumbnail","hentry","category-portada","category-sin-categoria","category-tocho-morocho"],"jetpack_publicize_connections":[],"jetpack_featured_media_url":"https:\/\/formalprision.com\/wp-content\/uploads\/2011\/10\/aaalapoda.jpg","jetpack_sharing_enabled":true,"jetpack_shortlink":"https:\/\/wp.me\/p6id8p-21b","_links":{"self":[{"href":"https:\/\/formalprision.com\/index.php?rest_route=\/wp\/v2\/posts\/7761","targetHints":{"allow":["GET"]}}],"collection":[{"href":"https:\/\/formalprision.com\/index.php?rest_route=\/wp\/v2\/posts"}],"about":[{"href":"https:\/\/formalprision.com\/index.php?rest_route=\/wp\/v2\/types\/post"}],"author":[{"embeddable":true,"href":"https:\/\/formalprision.com\/index.php?rest_route=\/wp\/v2\/users\/1"}],"replies":[{"embeddable":true,"href":"https:\/\/formalprision.com\/index.php?rest_route=%2Fwp%2Fv2%2Fcomments&post=7761"}],"version-history":[{"count":0,"href":"https:\/\/formalprision.com\/index.php?rest_route=\/wp\/v2\/posts\/7761\/revisions"}],"wp:featuredmedia":[{"embeddable":true,"href":"https:\/\/formalprision.com\/index.php?rest_route=\/wp\/v2\/media\/25585"}],"wp:attachment":[{"href":"https:\/\/formalprision.com\/index.php?rest_route=%2Fwp%2Fv2%2Fmedia&parent=7761"}],"wp:term":[{"taxonomy":"category","embeddable":true,"href":"https:\/\/formalprision.com\/index.php?rest_route=%2Fwp%2Fv2%2Fcategories&post=7761"},{"taxonomy":"post_tag","embeddable":true,"href":"https:\/\/formalprision.com\/index.php?rest_route=%2Fwp%2Fv2%2Ftags&post=7761"}],"curies":[{"name":"wp","href":"https:\/\/api.w.org\/{rel}","templated":true}]}}