{"id":7770,"date":"2011-10-10T12:57:00","date_gmt":"2011-10-10T12:57:00","guid":{"rendered":"http:\/\/formalprision.info\/2011\/10\/10\/cambios-viales-desde-hoy-por-el-paso\/"},"modified":"2015-06-03T08:55:14","modified_gmt":"2015-06-03T08:55:14","slug":"cambios-viales-desde-hoy-por-el-paso","status":"publish","type":"post","link":"https:\/\/formalprision.com\/?p=7770","title":{"rendered":"Cambios viales desde hoy por el Paso Deprimido"},"content":{"rendered":"<p><a href=\"http:\/\/2.bp.blogspot.com\/-qyANUw8b-gE\/TpKL4j7fb3I\/AAAAAAAAEYQ\/RzVrtF3QPtw\/s1600\/aaapaso%2Bdedprimido.jpg\"><img decoding=\"async\" id=\"BLOGGER_PHOTO_ID_5661741485391834994\" style=\"FLOAT: left; MARGIN: 0px 10px 10px 0px; WIDTH: 320px; CURSOR: hand; HEIGHT: 214px\" alt=\"\" src=\"http:\/\/formalprision.com\/wp-content\/uploads\/2011\/10\/aaapaso-dedprimido.jpg\" border=\"0\" \/><\/a><\/p>\n<div>El Ayuntamiento de M\u00e9rida puso en servicio oficialmente el pol\u00e9mico Paso Deprimido, llamado ahora Distribuidor Vial de la Glorieta de la Paz.<\/div>\n<p><\/p>\n<div>Con un magno festejo , al que acudi\u00f3 tambi\u00e9n la gobernadora Ivonne Ortega Pacheco, la alcaldesa Ang\u00e9lica Araujo Lara entreg\u00f3 el que es el primer Distribuidor Vial Subterr\u00e1neo en la ciudad.<\/div>\n<p><\/p>\n<div>La presidenta municipal de M\u00e9rida dio el paso a los primeros veh\u00edculos que estrenaron el distribuidor: motociclistas con discapacidad y familias completas de sus autom\u00f3viles.<br \/>Una vez que entr\u00f3 en funcionamiento, se dispusieron cambios viales para las zonas aleda\u00f1as, que incluyen nuevo sem\u00e1foro sobre la Prolongaci\u00f3n del Paseo de Montejo, a la altura de un gimnasio .<\/div>\n<p><\/p>\n<div>Tambi\u00e9n se suprimir\u00e1n tiempos del sem\u00e1foro que se ubica en la esquina de Office Depot y se cerrar\u00e1 el camell\u00f3n dos cuadras adelante.<\/div>\n<p><\/p>\n<div>Se esperan algunos problemas viales, pero las autoridades confian en que se regularizar\u00e1n con el paso de los d\u00edas.<\/div>\n<p><\/p>\n<div><\/div>\n","protected":false},"excerpt":{"rendered":"<p>El Ayuntamiento de M\u00e9rida puso en servicio oficialmente el pol\u00e9mico Paso Deprimido, llamado ahora Distribuidor Vial de la Glorieta de la Paz. Con un magno festejo , al que acudi\u00f3<\/p>\n","protected":false},"author":1,"featured_media":25601,"comment_status":"open","ping_status":"open","sticky":false,"template":"","format":"standard","meta":{"jetpack_post_was_ever_published":false,"_jetpack_newsletter_access":"","_jetpack_dont_email_post_to_subs":false,"_jetpack_newsletter_tier_id":0,"_jetpack_memberships_contains_paywalled_content":false,"_jetpack_memberships_contains_paid_content":false,"footnotes":"","jetpack_publicize_message":"","jetpack_publicize_feature_enabled":true,"jetpack_social_post_already_shared":false,"jetpack_social_options":{"image_generator_settings":{"template":"highway","default_image_id":0,"font":"","enabled":false},"version":2}},"categories":[3,1,49],"tags":[],"class_list":["post-7770","post","type-post","status-publish","format-standard","has-post-thumbnail","hentry","category-portada","category-sin-categoria","category-tocho-morocho"],"jetpack_publicize_connections":[],"jetpack_featured_media_url":"https:\/\/formalprision.com\/wp-content\/uploads\/2011\/10\/aaapaso-dedprimido.jpg","jetpack_sharing_enabled":true,"jetpack_shortlink":"https:\/\/wp.me\/p6id8p-21k","_links":{"self":[{"href":"https:\/\/formalprision.com\/index.php?rest_route=\/wp\/v2\/posts\/7770","targetHints":{"allow":["GET"]}}],"collection":[{"href":"https:\/\/formalprision.com\/index.php?rest_route=\/wp\/v2\/posts"}],"about":[{"href":"https:\/\/formalprision.com\/index.php?rest_route=\/wp\/v2\/types\/post"}],"author":[{"embeddable":true,"href":"https:\/\/formalprision.com\/index.php?rest_route=\/wp\/v2\/users\/1"}],"replies":[{"embeddable":true,"href":"https:\/\/formalprision.com\/index.php?rest_route=%2Fwp%2Fv2%2Fcomments&post=7770"}],"version-history":[{"count":0,"href":"https:\/\/formalprision.com\/index.php?rest_route=\/wp\/v2\/posts\/7770\/revisions"}],"wp:featuredmedia":[{"embeddable":true,"href":"https:\/\/formalprision.com\/index.php?rest_route=\/wp\/v2\/media\/25601"}],"wp:attachment":[{"href":"https:\/\/formalprision.com\/index.php?rest_route=%2Fwp%2Fv2%2Fmedia&parent=7770"}],"wp:term":[{"taxonomy":"category","embeddable":true,"href":"https:\/\/formalprision.com\/index.php?rest_route=%2Fwp%2Fv2%2Fcategories&post=7770"},{"taxonomy":"post_tag","embeddable":true,"href":"https:\/\/formalprision.com\/index.php?rest_route=%2Fwp%2Fv2%2Ftags&post=7770"}],"curies":[{"name":"wp","href":"https:\/\/api.w.org\/{rel}","templated":true}]}}