{"id":7772,"date":"2011-10-10T00:22:00","date_gmt":"2011-10-10T00:22:00","guid":{"rendered":"http:\/\/formalprision.info\/2011\/10\/10\/empleado-roba-celulares-en-plaza\/"},"modified":"2015-06-03T08:55:15","modified_gmt":"2015-06-03T08:55:15","slug":"empleado-roba-celulares-en-plaza","status":"publish","type":"post","link":"https:\/\/formalprision.com\/?p=7772","title":{"rendered":"Empleado roba celulares en Plaza Galer\u00edas, pero lo detiene la SSP"},"content":{"rendered":"<p><a href=\"http:\/\/3.bp.blogspot.com\/-DR7Wn9FcGco\/TpJCuGXmjRI\/AAAAAAAAEYI\/9xZNOcm_hg8\/s1600\/image-783572.png\"><img decoding=\"async\" id=\"BLOGGER_PHOTO_ID_5661661041309158674\" alt=\"\" src=\"http:\/\/formalprision.com\/wp-content\/uploads\/2011\/10\/image-783572.jpg\" border=\"0\" \/><\/a>Elementos de la Secretar\u00eda de Seguridad P\u00fablica detuvieron a Jos\u00e9<br \/>Miguel Le\u00f3n Galindo, de 20 a\u00f1os de edad, por el presunto robo de seis<br \/>tel\u00e9fonos celulares de un local comercial de Plaza Galer\u00edas, de donde<br \/>es empleado.<br \/>Seg\u00fan el propietario de la tienda Celular Center, David Cargia<br \/>Carranza, de 51 a\u00f1os, se percat\u00f3 de que Le\u00f3n Galindo se apoderaba de<br \/>dichos equipos y otros accesorios, por lo que pidi\u00f3 ayuda de la SSP;<br \/>los elementos del Sector Norte de la SSP detuvieron al empleado en el<br \/>estacionamiento de la plaza y verificaron que llevaba los aparatos en<br \/>el interior de un morral de color negro, los cuales, a decir del<br \/>due\u00f1o, los tom\u00f3 si autorizaci\u00f3n.<br \/>El acusado fue trasladado a la c\u00e1rcel p\u00fablica y remitido a las<br \/>autoridades ministeriales. El quejoso interpuso la denuncia<br \/>correspondiente en la Agencia Primera de la Fiscal\u00eda General del<br \/>Estado.<br \/>&#8211;<\/p>\n","protected":false},"excerpt":{"rendered":"<p>Elementos de la Secretar\u00eda de Seguridad P\u00fablica detuvieron a Jos\u00e9Miguel Le\u00f3n Galindo, de 20 a\u00f1os de edad, por el presunto robo de seistel\u00e9fonos celulares de un local comercial de Plaza<\/p>\n","protected":false},"author":1,"featured_media":25604,"comment_status":"open","ping_status":"open","sticky":false,"template":"","format":"standard","meta":{"jetpack_post_was_ever_published":false,"_jetpack_newsletter_access":"","_jetpack_dont_email_post_to_subs":false,"_jetpack_newsletter_tier_id":0,"_jetpack_memberships_contains_paywalled_content":false,"_jetpack_memberships_contains_paid_content":false,"footnotes":"","jetpack_publicize_message":"","jetpack_publicize_feature_enabled":true,"jetpack_social_post_already_shared":false,"jetpack_social_options":{"image_generator_settings":{"template":"highway","default_image_id":0,"font":"","enabled":false},"version":2}},"categories":[3,57,1],"tags":[],"class_list":["post-7772","post","type-post","status-publish","format-standard","has-post-thumbnail","hentry","category-portada","category-ratas","category-sin-categoria"],"jetpack_publicize_connections":[],"jetpack_featured_media_url":"https:\/\/formalprision.com\/wp-content\/uploads\/2011\/10\/image-783572.jpg","jetpack_sharing_enabled":true,"jetpack_shortlink":"https:\/\/wp.me\/p6id8p-21m","_links":{"self":[{"href":"https:\/\/formalprision.com\/index.php?rest_route=\/wp\/v2\/posts\/7772","targetHints":{"allow":["GET"]}}],"collection":[{"href":"https:\/\/formalprision.com\/index.php?rest_route=\/wp\/v2\/posts"}],"about":[{"href":"https:\/\/formalprision.com\/index.php?rest_route=\/wp\/v2\/types\/post"}],"author":[{"embeddable":true,"href":"https:\/\/formalprision.com\/index.php?rest_route=\/wp\/v2\/users\/1"}],"replies":[{"embeddable":true,"href":"https:\/\/formalprision.com\/index.php?rest_route=%2Fwp%2Fv2%2Fcomments&post=7772"}],"version-history":[{"count":0,"href":"https:\/\/formalprision.com\/index.php?rest_route=\/wp\/v2\/posts\/7772\/revisions"}],"wp:featuredmedia":[{"embeddable":true,"href":"https:\/\/formalprision.com\/index.php?rest_route=\/wp\/v2\/media\/25604"}],"wp:attachment":[{"href":"https:\/\/formalprision.com\/index.php?rest_route=%2Fwp%2Fv2%2Fmedia&parent=7772"}],"wp:term":[{"taxonomy":"category","embeddable":true,"href":"https:\/\/formalprision.com\/index.php?rest_route=%2Fwp%2Fv2%2Fcategories&post=7772"},{"taxonomy":"post_tag","embeddable":true,"href":"https:\/\/formalprision.com\/index.php?rest_route=%2Fwp%2Fv2%2Ftags&post=7772"}],"curies":[{"name":"wp","href":"https:\/\/api.w.org\/{rel}","templated":true}]}}