{"id":7792,"date":"2011-10-03T21:42:00","date_gmt":"2011-10-03T21:42:00","guid":{"rendered":"http:\/\/formalprision.info\/2011\/10\/03\/incendio-en-el-mercado-de-san-benito\/"},"modified":"2015-06-03T08:55:19","modified_gmt":"2015-06-03T08:55:19","slug":"incendio-en-el-mercado-de-san-benito","status":"publish","type":"post","link":"https:\/\/formalprision.com\/?p=7792","title":{"rendered":"Incendio en el mercado de San Benito destruye dos negocios"},"content":{"rendered":"<p>Bomberos sofocaron en la madrugada de hoyun incendio en el interior del mercado San Benito. <\/p>\n<p>Los hechos acontecieron ca las 4:15 horas, cuando polic\u00edas municipales se percataron que en el pasillo dos, de los locales 13 y 14, sal\u00eda humo<\/p>\n<p>Al acercarse vieron que se trataba de un incendio proveniente de los locales en los que se vend\u00edan art\u00edculos de polietileno (relojes, carteras y bolsas), ante tales hechos procedieron a dar parte de la situaci\u00f3n a la Central de Comunicaciones para el apoyo correspondiente.<\/p>\n<p>Al lugar llegaron las unidades 740, 743, 773, 797, y 833 de Bomberos, en tanto los agentes municipales procedieron a apoyarlos acordonando el \u00e1rea y bloqueando la vialidad de las arterias que se encuentran en las cercan\u00edas del mercado a fin que los conductores y transe\u00fantes no puedan resultar afectados.<\/p>\n<p>El incendio producido al parecer por un corto circuito, fue sofocado por los bomberos en su totalidad a las 05:30 horas, en el que reabierto al tr\u00e1nsito vehicular.<\/p>\n<p>La oportuna intervenci\u00f3n de los agentes de la Polic\u00eda Municipal y del cuerpo de Bomberos evito que los locales contiguos a dichos puestos puedan resultar afectados.<a href=\"http:\/\/2.bp.blogspot.com\/-X0d0AF-CuU0\/Toor5dvUJqI\/AAAAAAAAEVw\/UnhDWc9WbX8\/s1600\/image-752242.png\"><img decoding=\"async\" id=\"BLOGGER_PHOTO_ID_5659384147980068514\" alt=\"\" src=\"http:\/\/formalprision.com\/wp-content\/uploads\/2011\/10\/image-752242.jpg\" border=\"0\" \/><\/a><\/p>\n","protected":false},"excerpt":{"rendered":"<p>Bomberos sofocaron en la madrugada de hoyun incendio en el interior del mercado San Benito. Los hechos acontecieron ca las 4:15 horas, cuando polic\u00edas municipales se percataron que en el<\/p>\n","protected":false},"author":1,"featured_media":25641,"comment_status":"open","ping_status":"open","sticky":false,"template":"","format":"standard","meta":{"jetpack_post_was_ever_published":false,"_jetpack_newsletter_access":"","_jetpack_dont_email_post_to_subs":false,"_jetpack_newsletter_tier_id":0,"_jetpack_memberships_contains_paywalled_content":false,"_jetpack_memberships_contains_paid_content":false,"footnotes":"","jetpack_publicize_message":"","jetpack_publicize_feature_enabled":true,"jetpack_social_post_already_shared":false,"jetpack_social_options":{"image_generator_settings":{"template":"highway","default_image_id":0,"font":"","enabled":false},"version":2}},"categories":[56,3,1],"tags":[],"class_list":["post-7792","post","type-post","status-publish","format-standard","has-post-thumbnail","hentry","category-incendios","category-portada","category-sin-categoria"],"jetpack_publicize_connections":[],"jetpack_featured_media_url":"https:\/\/formalprision.com\/wp-content\/uploads\/2011\/10\/image-752242.jpg","jetpack_sharing_enabled":true,"jetpack_shortlink":"https:\/\/wp.me\/p6id8p-21G","_links":{"self":[{"href":"https:\/\/formalprision.com\/index.php?rest_route=\/wp\/v2\/posts\/7792","targetHints":{"allow":["GET"]}}],"collection":[{"href":"https:\/\/formalprision.com\/index.php?rest_route=\/wp\/v2\/posts"}],"about":[{"href":"https:\/\/formalprision.com\/index.php?rest_route=\/wp\/v2\/types\/post"}],"author":[{"embeddable":true,"href":"https:\/\/formalprision.com\/index.php?rest_route=\/wp\/v2\/users\/1"}],"replies":[{"embeddable":true,"href":"https:\/\/formalprision.com\/index.php?rest_route=%2Fwp%2Fv2%2Fcomments&post=7792"}],"version-history":[{"count":0,"href":"https:\/\/formalprision.com\/index.php?rest_route=\/wp\/v2\/posts\/7792\/revisions"}],"wp:featuredmedia":[{"embeddable":true,"href":"https:\/\/formalprision.com\/index.php?rest_route=\/wp\/v2\/media\/25641"}],"wp:attachment":[{"href":"https:\/\/formalprision.com\/index.php?rest_route=%2Fwp%2Fv2%2Fmedia&parent=7792"}],"wp:term":[{"taxonomy":"category","embeddable":true,"href":"https:\/\/formalprision.com\/index.php?rest_route=%2Fwp%2Fv2%2Fcategories&post=7792"},{"taxonomy":"post_tag","embeddable":true,"href":"https:\/\/formalprision.com\/index.php?rest_route=%2Fwp%2Fv2%2Ftags&post=7792"}],"curies":[{"name":"wp","href":"https:\/\/api.w.org\/{rel}","templated":true}]}}