{"id":77921,"date":"2020-04-30T03:24:06","date_gmt":"2020-04-30T08:24:06","guid":{"rendered":"http:\/\/formalprision.com\/?p=77921"},"modified":"2020-04-30T16:50:10","modified_gmt":"2020-04-30T21:50:10","slug":"casi-cuatro-anos-de-carcel-para-custodios-que-abusaban-de-ninos-del-caimede","status":"publish","type":"post","link":"https:\/\/formalprision.com\/?p=77921","title":{"rendered":"Casi cuatro a\u00f1os de c\u00e1rcel para custodios que abusaban de ni\u00f1os del Caimede"},"content":{"rendered":"\n<p>El Tribunal 1\u00b0 de Enjuiciamiento del impuso 3 a\u00f1os, 8 meses y 28 d\u00edas de prisi\u00f3n a dos custodios del Caimede acusados de maltrato y abusos sexuales cometidos contra ni\u00f1os de ese lugar.<\/p>\n\n\n\n<p>Fueron hallados culpables del delito de violencia familiar equiparada (4).<\/p>\n\n\n\n<p>En una audiencia de individualizaci\u00f3n de sanciones que se realiz\u00f3 hoy en el Centro de Justicia Oral de M\u00e9rida (CJOM), el Tribunal tambi\u00e9n amonest\u00f3 p\u00fablicamente a los sentenciados, les suspendi\u00f3 sus derechos pol\u00edticos y les prohibi\u00f3 acercarse a las v\u00edctimas y al domicilio de \u00e9stas por el t\u00e9rmino de tres a\u00f1os posteriores al cumplimiento de la pena de prisi\u00f3n impuesta.<\/p>\n\n\n\n<p>Adem\u00e1s, el Tribunal conden\u00f3 a los sentenciados al pago de la reparaci\u00f3n del da\u00f1o moral y al pago de los gastos de las terapias psicol\u00f3gicas de las v\u00edctimas menores de edad, ello atendiendo a la propia naturaleza de los hechos, cuya cuant\u00eda podr\u00e1 ser fijada en la etapa de ejecuci\u00f3n.<\/p>\n\n\n\n<p>La sentencia fue baja porque  no se incluyeron los delitos sexuales que inicialmente se atribuyeron a los custodios.<\/p>\n\n\n\n<p>Los sentenciados son Yuliana Berenice Casanova Falc\u00f3n, y Robert Santiago Dorantes Ak\u00e9, quienes ejercieron actos abusivos de poder dirigidos a someter y a agredir f\u00edsicamente a cuatro menores de edad que estaban bajo su cuidado, en las instalaciones del Caimede, en el periodo del 5 al 14 de marzo de 2019.<\/p>\n\n\n\n<p>Hay un tercer custodio involucrado, pero este no fue sentenciado en esta diligencia.<\/p>\n\n\n\n<p>La Juez Nidia Guadalupe Celis Fuentes, en su calidad de presidenta en este caso, inform\u00f3 a las partes que la audiencia de lectura y explicaci\u00f3n de sentencia se realizar\u00e1 el pr\u00f3ximo viernes 8 de mayo a las 11:00 horas, en este mismo Centro de Justicia. <\/p>\n\n\n\n<p>Ese d\u00eda se sabr\u00e1 si se les permite conmutar la pena, es decir si la canjean por una garant\u00eda econ\u00f3mica <\/p>\n\n\n\n<p>Como hemos informado, a los sujetos se les detuvo por operar un \u00abcat\u00e1logo\u00bb de abusos contra los ni\u00f1os del lugar, entre los que se inclu\u00eda la \u201coperaci\u00f3n taquito\u201d, mediante la cual enrollaban a los ni\u00f1os en sabanas, como beb\u00e9s, para inmovilizarlos, pero aprovechaban para manosearlos como castigo.<\/p>\n\n\n\n<p>Presuntamente la art\u00edfice de los malos tratos era la ni\u00f1era Yuliana Berenice, quien usaba como \u201cguaruras\u201d a sus coacusados, los vigilantes Robert Santiago y Jos\u00e9 Ysabel Canch\u00e9 Canch\u00e9, conocidos como \u201cLos Papis\u201d<\/p>\n\n\n\n<p>En la carpeta de investigaci\u00f3n se se\u00f1ala que Yuliana deb\u00eda cuidar y dar atenci\u00f3n cotidiana a los menores, como son el aseo personal, vigilarlos cuando estaban en determinadas \u00e1reas del lugar y llevarlos al comedor.<\/p>\n\n\n\n<p>Sus compa\u00f1eros ten\u00edan entre sus funciones vigilar diferentes \u00e1reas a fin de contener a los ni\u00f1os que entran en crisis emocional o que se quisieran escapar.<\/p>\n\n\n\n<p>Fung\u00edan tambi\u00e9n como choferes encargados de trasladar a los ni\u00f1os a diferentes lugares, como a la escuela o a sus entrenamientos de futbol y otras clases.<\/p>\n\n\n\n<p>Ahora se sabe que atentaron contra 4 menores de identidad reservada, asignados al \u00e1rea de \u201cni\u00f1os chicos\u201d.<\/p>\n\n\n\n<p>A los ni\u00f1os, seg\u00fan la Fiscal\u00eda, los agred\u00edan f\u00edsicamente, golpe\u00e1ndolos en la cabeza u otras partes del cuerpo con objetos o con sus manos.<\/p>\n\n\n\n<p>El problema se descubri\u00f3 el 10 de marzo cuando un menor se dirigi\u00f3 a Yuliana Berenice y le pregunt\u00f3 a qu\u00e9 hora iban a servir el desayuno, y ella, molesta, le dijo que la dejara hablar por tel\u00e9fono.<\/p>\n\n\n\n<p>Hist\u00e9rica, se levant\u00f3, se acerc\u00f3 al menor, le dobl\u00f3 las manos hacia atr\u00e1s y lo jal\u00f3 hasta un escritorio de metal e hincado lo meti\u00f3 debajo sin dejar de presionarle los brazos a la espalda y el cuerpo hacia una barra de metal que sirve para los pies, en tanto que el ni\u00f1o lloraba y gritaba.<\/p>\n\n\n\n<p>Y ese mismo d\u00eda, cuando ya hac\u00edan fila para ir a almorzar, y debido a que tres menores de identidad reservada no le hicieron caso, la mujer llam\u00f3 por tel\u00e9fono y pidi\u00f3 que le mandaran unos \u201cpapis\u201d para calmar a los ni\u00f1os.<\/p>\n\n\n\n<p>Se presentaron Jos\u00e9 Ysabel y Robert Santiago, quienes metieron a los tres ni\u00f1os al cuarto de dormitorio y los envolvieron con una s\u00e1bana en forma de \u201ctaquito\u201d, dej\u00e1ndolos boca abajo sobre la cama y metidos dentro de una bolsa que cubre el colch\u00f3n de la cama.<\/p>\n\n\n\n<p>Aprovechando que se encontraban inmovilizados, los abusaron sexualmente.<\/p>\n\n\n\n<p>Sali\u00f3 a relucir que las agresiones sexuales a los menores fueron cometidas aproximadamente del 5 de marzo al 14 de marzo de este a\u00f1o, de acuerdo al resultado de los ex\u00e1menes m\u00e9dicos que les fueron practicados a los ni\u00f1os.<\/p>\n\n\n\n<p>Sin embargo, los menores manifestaron que estos maltratos los han sufrido desde hace varios a\u00f1os.<\/p>\n\n\n\n<p>*Informaci\u00f3n con fines de divulgaci\u00f3n. La sentencia o resoluci\u00f3n son las \u00fanicas versiones oficiales.<\/p>\n","protected":false},"excerpt":{"rendered":"<p>El Tribunal 1\u00b0 de Enjuiciamiento del impuso 3 a\u00f1os, 8 meses y 28 d\u00edas de prisi\u00f3n a dos custodios del Caimede acusados de maltrato y abusos sexuales cometidos contra ni\u00f1os<\/p>\n","protected":false},"author":1,"featured_media":77922,"comment_status":"open","ping_status":"open","sticky":false,"template":"","format":"standard","meta":{"jetpack_post_was_ever_published":false,"_jetpack_newsletter_access":"","_jetpack_dont_email_post_to_subs":false,"_jetpack_newsletter_tier_id":0,"_jetpack_memberships_contains_paywalled_content":false,"_jetpack_memberships_contains_paid_content":false,"footnotes":"","jetpack_publicize_message":"","jetpack_publicize_feature_enabled":true,"jetpack_social_post_already_shared":true,"jetpack_social_options":{"image_generator_settings":{"template":"highway","default_image_id":0,"font":"","enabled":false},"version":2}},"categories":[3,55],"tags":[],"class_list":["post-77921","post","type-post","status-publish","format-standard","has-post-thumbnail","hentry","category-portada","category-violines"],"jetpack_publicize_connections":[],"jetpack_featured_media_url":"https:\/\/formalprision.com\/wp-content\/uploads\/2020\/04\/287145DE-CB92-4519-B360-418A21DBBA59.jpeg","jetpack_sharing_enabled":true,"jetpack_shortlink":"https:\/\/wp.me\/p6id8p-kgN","_links":{"self":[{"href":"https:\/\/formalprision.com\/index.php?rest_route=\/wp\/v2\/posts\/77921","targetHints":{"allow":["GET"]}}],"collection":[{"href":"https:\/\/formalprision.com\/index.php?rest_route=\/wp\/v2\/posts"}],"about":[{"href":"https:\/\/formalprision.com\/index.php?rest_route=\/wp\/v2\/types\/post"}],"author":[{"embeddable":true,"href":"https:\/\/formalprision.com\/index.php?rest_route=\/wp\/v2\/users\/1"}],"replies":[{"embeddable":true,"href":"https:\/\/formalprision.com\/index.php?rest_route=%2Fwp%2Fv2%2Fcomments&post=77921"}],"version-history":[{"count":0,"href":"https:\/\/formalprision.com\/index.php?rest_route=\/wp\/v2\/posts\/77921\/revisions"}],"wp:featuredmedia":[{"embeddable":true,"href":"https:\/\/formalprision.com\/index.php?rest_route=\/wp\/v2\/media\/77922"}],"wp:attachment":[{"href":"https:\/\/formalprision.com\/index.php?rest_route=%2Fwp%2Fv2%2Fmedia&parent=77921"}],"wp:term":[{"taxonomy":"category","embeddable":true,"href":"https:\/\/formalprision.com\/index.php?rest_route=%2Fwp%2Fv2%2Fcategories&post=77921"},{"taxonomy":"post_tag","embeddable":true,"href":"https:\/\/formalprision.com\/index.php?rest_route=%2Fwp%2Fv2%2Ftags&post=77921"}],"curies":[{"name":"wp","href":"https:\/\/api.w.org\/{rel}","templated":true}]}}