{"id":77926,"date":"2020-04-30T15:46:49","date_gmt":"2020-04-30T20:46:49","guid":{"rendered":"http:\/\/formalprision.com\/?p=77926"},"modified":"2020-04-30T15:46:51","modified_gmt":"2020-04-30T20:46:51","slug":"anuncian-ganadores-del-concurso-fotografico-la-cuarentena","status":"publish","type":"post","link":"https:\/\/formalprision.com\/?p=77926","title":{"rendered":"Anuncian ganadores del concurso fotogr\u00e1fico \u201cLa Cuarentena\u201d"},"content":{"rendered":"\n<p>Alta calidad est\u00e9tica y distintas formas de capturar momentos de manera art\u00edstica desde el aislamiento social que se vive por el COVID-19 se reflejan en los trabajos ganadores del Concurso Fotogr\u00e1fico \u201cLa Cuarentena\u201d, al que convoc\u00f3 el Ayuntamiento de M\u00e9rida a trav\u00e9s de su Direcci\u00f3n de Cultura.<\/p>\n\n\n\n<p>La convocatoria tiene dos procesos de selecci\u00f3n, en los meses de abril y mayo. En este mes de abril se recibieron en total 97 fotograf\u00edas a color, 67 en blanco y negro, adem\u00e1s de 30 materiales audiovisuales.<\/p>\n\n\n\n<p>El jurado lo integraron Cinthya Cruz Castro, el Mtro. Javier Antonio Barrera Perera y Eduardo \u00c1vila Guzm\u00e1n, quienes se reunieron de manera virtual para evaluar las obras participantes.<\/p>\n\n\n\n<p>De acuerdo con el laudo, los trabajos seleccionados presentan alta calidad est\u00e9tica, con un discurso acorde a la cuarentena ocasionada por el COVID-19 y cumplen los requisitos especificados en las bases del concurso.<\/p>\n\n\n\n<p>Los trabajos ganadores en la categor\u00eda de fotograf\u00eda a color son:<\/p>\n\n\n\n<p>\u201cLa playa en casa (Caldo de alb\u00f3ndigas)\u201d de Miguel \u00c1ngel G\u00f3mez Dur\u00e1n; \u201cEl presente\u201d, de Margarita Guadalupe Blanco Aldana; \u201cVen a casa\u201d, de Mauricio Abelardo Flores Cort\u00e9s; \u201cNoches de Kindle\u201d, de Melissa Jazm\u00edn Canto D\u00e1vila; \u201cA\u00f1oranza\u201d, de Carlos Jos\u00e9 Erosa Esquivel; \u201cOtra vez vac\u00edo, solo, en mi habitaci\u00f3n sin salida\u201d, de Shirley Cristina Morgan Galicia, y, \u201cDo\u00f1a Carmen cubre bocas a personas vulnerables\u201d, de Mart\u00edn de Jes\u00fas Zetina Gij\u00f3n.<\/p>\n\n\n\n<p>En la modalidad de fotograf\u00eda en blanco y negro resultaron seleccionados: \u201cA trav\u00e9s de la ventana\u201d, de Ana Bel\u00e9n Llanes Echeverr\u00eda; \u201cLibertad perdida\u201d, de Ernesto Tadeo Hern\u00e1ndez Alamilla, y, \u201cGrupo primario\u201d, de Karla Fabiola Madera Pool.<\/p>\n\n\n\n<p>Los dos trabajos audiovisuales seleccionados son: \u201cSi nos dejan\u201d, de Luis Antonio Zavala Vera,y \u201cSuburbio Dosmil Veinte\u201d, de Natalia del Carmen Bermejo Cruz.<\/p>\n\n\n\n<p>En estos momentos sigue abierta la recepci\u00f3n de trabajos para el segundo proceso de selecci\u00f3n, que ser\u00e1 en mayo. La fecha l\u00edmite para enviar propuestas es el 22 de ese mes y los resultados se dan a conocer el viernes 29. La decisi\u00f3n del jurado es inapelable.<\/p>\n\n\n\n<p>El Concurso \u201cLa Cuarentena\u201d se crea para visibilizar los cambios en nuestra vida cotidiana ante la llegada del COVID-19, tanto en la esfera p\u00fablica como privada, desde perspectivas sociales y art\u00edsticas en la ciudad de M\u00e9rida, Yucat\u00e1n.<\/p>\n\n\n\n<p>Solo se acepta una propuesta por participante en la modalidad que elijan. Las fotograf\u00edas y videos se deben enviar en formatos JPG y MP4.<\/p>\n\n\n\n<p>Las bases completas se pueden consultar en la p\u00e1gina merida.gob.mx y se env\u00edan al correo cultura@merida.gob.mx. (Comunicado de Prensa)<\/p>\n\n\n\n<p>&#8212; <\/p>\n","protected":false},"excerpt":{"rendered":"<p>Alta calidad est\u00e9tica y distintas formas de capturar momentos de manera art\u00edstica desde el aislamiento social que se vive por el COVID-19 se reflejan en los trabajos ganadores del Concurso<\/p>\n","protected":false},"author":1,"featured_media":77927,"comment_status":"open","ping_status":"open","sticky":false,"template":"","format":"standard","meta":{"jetpack_post_was_ever_published":false,"_jetpack_newsletter_access":"","_jetpack_dont_email_post_to_subs":false,"_jetpack_newsletter_tier_id":0,"_jetpack_memberships_contains_paywalled_content":false,"_jetpack_memberships_contains_paid_content":false,"footnotes":"","jetpack_publicize_message":"","jetpack_publicize_feature_enabled":true,"jetpack_social_post_already_shared":true,"jetpack_social_options":{"image_generator_settings":{"template":"highway","default_image_id":0,"font":"","enabled":false},"version":2}},"categories":[14],"tags":[],"class_list":["post-77926","post","type-post","status-publish","format-standard","has-post-thumbnail","hentry","category-merida"],"jetpack_publicize_connections":[],"jetpack_featured_media_url":"https:\/\/formalprision.com\/wp-content\/uploads\/2020\/04\/D60AC72E-533C-4962-95B3-72660CE347AB.jpeg","jetpack_sharing_enabled":true,"jetpack_shortlink":"https:\/\/wp.me\/p6id8p-kgS","_links":{"self":[{"href":"https:\/\/formalprision.com\/index.php?rest_route=\/wp\/v2\/posts\/77926","targetHints":{"allow":["GET"]}}],"collection":[{"href":"https:\/\/formalprision.com\/index.php?rest_route=\/wp\/v2\/posts"}],"about":[{"href":"https:\/\/formalprision.com\/index.php?rest_route=\/wp\/v2\/types\/post"}],"author":[{"embeddable":true,"href":"https:\/\/formalprision.com\/index.php?rest_route=\/wp\/v2\/users\/1"}],"replies":[{"embeddable":true,"href":"https:\/\/formalprision.com\/index.php?rest_route=%2Fwp%2Fv2%2Fcomments&post=77926"}],"version-history":[{"count":0,"href":"https:\/\/formalprision.com\/index.php?rest_route=\/wp\/v2\/posts\/77926\/revisions"}],"wp:featuredmedia":[{"embeddable":true,"href":"https:\/\/formalprision.com\/index.php?rest_route=\/wp\/v2\/media\/77927"}],"wp:attachment":[{"href":"https:\/\/formalprision.com\/index.php?rest_route=%2Fwp%2Fv2%2Fmedia&parent=77926"}],"wp:term":[{"taxonomy":"category","embeddable":true,"href":"https:\/\/formalprision.com\/index.php?rest_route=%2Fwp%2Fv2%2Fcategories&post=77926"},{"taxonomy":"post_tag","embeddable":true,"href":"https:\/\/formalprision.com\/index.php?rest_route=%2Fwp%2Fv2%2Ftags&post=77926"}],"curies":[{"name":"wp","href":"https:\/\/api.w.org\/{rel}","templated":true}]}}