{"id":7799,"date":"2011-10-02T16:12:00","date_gmt":"2011-10-02T16:12:00","guid":{"rendered":"http:\/\/formalprision.info\/2011\/10\/02\/detenidos-por-asaltar-un-taxista-punta\/"},"modified":"2015-06-03T08:55:20","modified_gmt":"2015-06-03T08:55:20","slug":"detenidos-por-asaltar-un-taxista-punta","status":"publish","type":"post","link":"https:\/\/formalprision.com\/?p=7799","title":{"rendered":"Detenidos por asaltar a un taxista a punta de navaja"},"content":{"rendered":"<p><a href=\"http:\/\/3.bp.blogspot.com\/-MxTGT94L05A\/TogRMAuIMxI\/AAAAAAAAEUw\/9JcmoD-DL-Y\/s1600\/aaasaltanataxista.JPG\"><img decoding=\"async\" id=\"BLOGGER_PHOTO_ID_5658791829840605970\" style=\"FLOAT: left; MARGIN: 0px 10px 10px 0px; WIDTH: 320px; CURSOR: hand; HEIGHT: 213px\" alt=\"\" src=\"http:\/\/formalprision.com\/wp-content\/uploads\/2011\/10\/aaasaltanataxista.jpg\" border=\"0\" \/><\/a><\/p>\n<div>Elementos de la Secretar\u00eda de Seguridad P\u00fablica detuvieron a Juan Jos\u00e9 Garc\u00eda L\u00f3pez, de 19 a\u00f1os de edad , identificado como el responsable de haber herido con un arma blanca y quitarle dinero en efectivo al taxista Aar\u00f3n Contreras Barreiro, quien momentos antes lo hab\u00eda trasladado al ejido Para\u00edso, ubicado en el kil\u00f3metro 26 de la carretera M\u00e9rida-Progreso.<br \/>La madrugada de este s\u00e1bado cuando se encontraba en el centro del puerto de Progreso Garc\u00eda L\u00f3pez pidi\u00f3 el servicio al taxista para que lo llevar\u00e1 hasta su domicilio, al llegar al lugar y al momento de pagar sac\u00f3 una navaja hiriendo al taxista en el pecho.<br \/>El taxista le entreg\u00f3 1,500 pesos y las llaves del veh\u00edculo platina con placas 2528-YSB y el asaltante antes de huir hizo algunas se\u00f1as a otra persona que se encontraba viendo lo sucedido.<br \/>Los elementos de la Polic\u00eda Estatal de Caminos Peninsular de la SSP implementaron un operativo por la zona y durante el recorrido la unidad 1967 vio salir del monte sobre la carretera M\u00e9rida-Progreso al delincuente quien fue identificado por el taxista.<br \/>Minutos despu\u00e9s tambi\u00e9n fue localizado escondido en el monte el presunto c\u00f3mplice Daniel Hern\u00e1ndez Landero, de 27 a\u00f1os de edad. Ambos dijeron trabajar como recepcionistas y vivir en el motel \u00abEl Limbo\u00bb.<br \/>El lesionado fue atendido por la ambulancia 21-I a cargo del TUM \u00c1ngel Segura Mar\u00edn, pero no fue trasladado a ning\u00fan nosocomio.<br \/>Interpuso en la agencia 11 la denuncia n\u00famero 1879<\/div>\n","protected":false},"excerpt":{"rendered":"<p>Elementos de la Secretar\u00eda de Seguridad P\u00fablica detuvieron a Juan Jos\u00e9 Garc\u00eda L\u00f3pez, de 19 a\u00f1os de edad , identificado como el responsable de haber herido con un arma blanca<\/p>\n","protected":false},"author":1,"featured_media":25654,"comment_status":"open","ping_status":"open","sticky":false,"template":"","format":"standard","meta":{"jetpack_post_was_ever_published":false,"_jetpack_newsletter_access":"","_jetpack_dont_email_post_to_subs":false,"_jetpack_newsletter_tier_id":0,"_jetpack_memberships_contains_paywalled_content":false,"_jetpack_memberships_contains_paid_content":false,"footnotes":"","jetpack_publicize_message":"","jetpack_publicize_feature_enabled":true,"jetpack_social_post_already_shared":false,"jetpack_social_options":{"image_generator_settings":{"template":"highway","default_image_id":0,"font":"","enabled":false},"version":2}},"categories":[3,57,1],"tags":[],"class_list":["post-7799","post","type-post","status-publish","format-standard","has-post-thumbnail","hentry","category-portada","category-ratas","category-sin-categoria"],"jetpack_publicize_connections":[],"jetpack_featured_media_url":"https:\/\/formalprision.com\/wp-content\/uploads\/2011\/10\/aaasaltanataxista.jpg","jetpack_sharing_enabled":true,"jetpack_shortlink":"https:\/\/wp.me\/p6id8p-21N","_links":{"self":[{"href":"https:\/\/formalprision.com\/index.php?rest_route=\/wp\/v2\/posts\/7799","targetHints":{"allow":["GET"]}}],"collection":[{"href":"https:\/\/formalprision.com\/index.php?rest_route=\/wp\/v2\/posts"}],"about":[{"href":"https:\/\/formalprision.com\/index.php?rest_route=\/wp\/v2\/types\/post"}],"author":[{"embeddable":true,"href":"https:\/\/formalprision.com\/index.php?rest_route=\/wp\/v2\/users\/1"}],"replies":[{"embeddable":true,"href":"https:\/\/formalprision.com\/index.php?rest_route=%2Fwp%2Fv2%2Fcomments&post=7799"}],"version-history":[{"count":0,"href":"https:\/\/formalprision.com\/index.php?rest_route=\/wp\/v2\/posts\/7799\/revisions"}],"wp:featuredmedia":[{"embeddable":true,"href":"https:\/\/formalprision.com\/index.php?rest_route=\/wp\/v2\/media\/25654"}],"wp:attachment":[{"href":"https:\/\/formalprision.com\/index.php?rest_route=%2Fwp%2Fv2%2Fmedia&parent=7799"}],"wp:term":[{"taxonomy":"category","embeddable":true,"href":"https:\/\/formalprision.com\/index.php?rest_route=%2Fwp%2Fv2%2Fcategories&post=7799"},{"taxonomy":"post_tag","embeddable":true,"href":"https:\/\/formalprision.com\/index.php?rest_route=%2Fwp%2Fv2%2Ftags&post=7799"}],"curies":[{"name":"wp","href":"https:\/\/api.w.org\/{rel}","templated":true}]}}