{"id":7800,"date":"2011-10-01T20:35:00","date_gmt":"2011-10-01T20:35:00","guid":{"rendered":"http:\/\/formalprision.info\/2011\/10\/01\/se-solicita-ayuda-para-localizar\/"},"modified":"2015-06-03T08:55:20","modified_gmt":"2015-06-03T08:55:20","slug":"se-solicita-ayuda-para-localizar","status":"publish","type":"post","link":"https:\/\/formalprision.com\/?p=7800","title":{"rendered":"Se solicita ayuda para localizar a familiares de un ni\u00f1o extraviado en Guerrero"},"content":{"rendered":"<p><a href=\"http:\/\/4.bp.blogspot.com\/-me1q8QPJCyk\/Toa1iBwbv2I\/AAAAAAAAEUg\/cfXMRwf7U_M\/s1600\/aaaaseperdio%2Belcbava%25C3%25B1.jpg\"><img decoding=\"async\" id=\"BLOGGER_PHOTO_ID_5658409578029367138\" style=\"FLOAT: left; MARGIN: 0px 10px 10px 0px; WIDTH: 176px; CURSOR: hand; HEIGHT: 320px\" alt=\"\" src=\"http:\/\/formalprision.com\/wp-content\/uploads\/2011\/10\/aaaaseperdio-elcbava%C3%B1.jpg\" border=\"0\" \/><\/a><\/p>\n<div>La Procuradur\u00eda de la Defensa del Menor y la Familia solicita ayuda para localizar a los padres o familiares del ni\u00f1o Jes\u00fas Geovany, de aproximadamente 3 a\u00f1os, mismo que fue hallado en el municipio de Taxco de Alarc\u00f3n, en el Estado de Guerrero, el 4 de junio del presente a\u00f1o.<br \/>Jes\u00fas Geovany es de tez morena, cabello lacio y oscuro, frente amplia, ojos caf\u00e9s medianos, complexi\u00f3n regular, nariz chata, cejas semipobladas, cara ovalada, boca regular y labios delgados. <\/div>\n<p><\/p>\n<div>Actualmente se encuentra albergado en la Procuradur\u00eda de la Defensa del Menor y la Familia en el Estado de Guerrero.<br \/>En caso de tener informaci\u00f3n favor de comunicarse al sistema Nacional para el Desarrollo Integral de la Familia (DIF) del Estado de Guerrero, Departamento de Enlace y Despacho for\u00e1neo a los tel\u00e9fonos: 30 03 22 00 ex 116 o al 01800 888 4343 lada sin costo o a los correos electr\u00f3nicos: <a href=\"mailto:avillasenor@dif.gob.mx\">avillasenor@dif.gob.mx<\/a>, <a href=\"mailto:klara@dif.gob.mx\">klara@dif.gob.mx<\/a> y <a href=\"mailto:memendoza@dif.gob.mx\">memendoza@dif.gob.mx<\/a> \u00f3 a la Procuradur\u00eda de la Defensa del Menor y la Familia del Estado de Yucat\u00e1n a los tel\u00e9fonos 9402512 o al 018002776336 lada sin costo o al correo electr\u00f3nico <a href=\"mailto:prodemefa@gmail.com\">prodemefa@gmail.com<\/a> <\/div>\n","protected":false},"excerpt":{"rendered":"<p>La Procuradur\u00eda de la Defensa del Menor y la Familia solicita ayuda para localizar a los padres o familiares del ni\u00f1o Jes\u00fas Geovany, de aproximadamente 3 a\u00f1os, mismo que fue<\/p>\n","protected":false},"author":1,"featured_media":25656,"comment_status":"open","ping_status":"open","sticky":false,"template":"","format":"standard","meta":{"jetpack_post_was_ever_published":false,"_jetpack_newsletter_access":"","_jetpack_dont_email_post_to_subs":false,"_jetpack_newsletter_tier_id":0,"_jetpack_memberships_contains_paywalled_content":false,"_jetpack_memberships_contains_paid_content":false,"footnotes":"","jetpack_publicize_message":"","jetpack_publicize_feature_enabled":true,"jetpack_social_post_already_shared":false,"jetpack_social_options":{"image_generator_settings":{"template":"highway","default_image_id":0,"font":"","enabled":false},"version":2}},"categories":[3,58,1],"tags":[],"class_list":["post-7800","post","type-post","status-publish","format-standard","has-post-thumbnail","hentry","category-portada","category-rescates","category-sin-categoria"],"jetpack_publicize_connections":[],"jetpack_featured_media_url":"https:\/\/formalprision.com\/wp-content\/uploads\/2011\/10\/aaaaseperdio-elcbava%C3%B1.jpg","jetpack_sharing_enabled":true,"jetpack_shortlink":"https:\/\/wp.me\/p6id8p-21O","_links":{"self":[{"href":"https:\/\/formalprision.com\/index.php?rest_route=\/wp\/v2\/posts\/7800","targetHints":{"allow":["GET"]}}],"collection":[{"href":"https:\/\/formalprision.com\/index.php?rest_route=\/wp\/v2\/posts"}],"about":[{"href":"https:\/\/formalprision.com\/index.php?rest_route=\/wp\/v2\/types\/post"}],"author":[{"embeddable":true,"href":"https:\/\/formalprision.com\/index.php?rest_route=\/wp\/v2\/users\/1"}],"replies":[{"embeddable":true,"href":"https:\/\/formalprision.com\/index.php?rest_route=%2Fwp%2Fv2%2Fcomments&post=7800"}],"version-history":[{"count":0,"href":"https:\/\/formalprision.com\/index.php?rest_route=\/wp\/v2\/posts\/7800\/revisions"}],"wp:featuredmedia":[{"embeddable":true,"href":"https:\/\/formalprision.com\/index.php?rest_route=\/wp\/v2\/media\/25656"}],"wp:attachment":[{"href":"https:\/\/formalprision.com\/index.php?rest_route=%2Fwp%2Fv2%2Fmedia&parent=7800"}],"wp:term":[{"taxonomy":"category","embeddable":true,"href":"https:\/\/formalprision.com\/index.php?rest_route=%2Fwp%2Fv2%2Fcategories&post=7800"},{"taxonomy":"post_tag","embeddable":true,"href":"https:\/\/formalprision.com\/index.php?rest_route=%2Fwp%2Fv2%2Ftags&post=7800"}],"curies":[{"name":"wp","href":"https:\/\/api.w.org\/{rel}","templated":true}]}}