{"id":7803,"date":"2011-10-01T00:39:00","date_gmt":"2011-10-01T00:39:00","guid":{"rendered":"http:\/\/formalprision.info\/2011\/10\/01\/haran-otro-tunel-ahora-de-la-gran-plaza\/"},"modified":"2015-06-03T08:55:21","modified_gmt":"2015-06-03T08:55:21","slug":"haran-otro-tunel-ahora-de-la-gran-plaza","status":"publish","type":"post","link":"https:\/\/formalprision.com\/?p=7803","title":{"rendered":"Har\u00e1n otro t\u00fanel; ahora de la Gran Plaza al Siglo XXI"},"content":{"rendered":"<p>El Consejo Consultivo de Tr\u00e1nsito y Vialidad del Estado de Yucat\u00e1n, aprob\u00f3 hoy por unanimidad la realizaci\u00f3n de nueve acciones propuestas por la Secretar\u00eda de Seguridad P\u00fablica que forman parte del Plan General de Movilidad Urbana de la Zona Norte de M\u00e9rida, cuyo objetivo es hacer m\u00e1s \u00e1gil y seguro el tr\u00e1nsito vehicular y peatonal en la ciudad, as\u00ed como dos proyectos viales del Ayuntamiento de M\u00e9rida.<\/p>\n<p>Se habl\u00f3 de la construcci\u00f3n de un paso peatonal subterraneo, de 60 metros, que conectar\u00e1 la zona de la Gran Plaza al Siglo XXI.<br \/>Asistieron titulares y representantes de dependencias federales, estatales y municipales, de c\u00e1maras empresariales, colegios de profesionales, instituciones de educaci\u00f3n superior y organizaciones de transportistas; El titular de la SSP, Cmdte. Luis Felipe Said\u00e9n Ojeda, presidi\u00f3 la sesi\u00f3n junto con el director de la Polic\u00eda Municipal de M\u00e9rida, Cmdte. Federico Cuesy Adri\u00e1n.<br \/>Se aprob\u00f3:<\/p>\n<div class=\"s11\" style=\"MARGIN-TOP: 0px; MARGIN-BOTTOM: 10px; MARGIN-LEFT: 36px; LINE-HEIGHT: 1.15\"><\/p>\n<div class=\"s10\" style=\"MARGIN-TOP: 0px; FONT-SIZE: 11px; MARGIN-BOTTOM: 0px; TEXT-INDENT: -18px; POSITION: absolute\">1.<\/div>\n<p>Modificaci\u00f3n del funcionamiento del sem\u00e1foro de la intersecci\u00f3n de la Avenida Prolongaci\u00f3n Paseo de Montejo y la calle 21, que tendr\u00e1 dos fases en vez de cuatro, con el fin de optimizar los movimientos, demoras y tiempos de recorrido.<\/p><\/div>\n<p><\/p>\n<div class=\"s11\" style=\"MARGIN-TOP: 0px; MARGIN-BOTTOM: 10px; MARGIN-LEFT: 36px; LINE-HEIGHT: 1.15\"><\/p>\n<div class=\"s10\" style=\"MARGIN-TOP: 0px; FONT-SIZE: 11px; MARGIN-BOTTOM: 0px; TEXT-INDENT: -18px; POSITION: absolute\">2.<\/div>\n<p>Instalaci\u00f3n de sem\u00e1foros en la Intersecci\u00f3n deProlongaci\u00f3n Paseo de Montejo con la calle 19.<\/p><\/div>\n<p><\/p>\n<div class=\"s11\" style=\"MARGIN-TOP: 0px; MARGIN-BOTTOM: 10px; MARGIN-LEFT: 36px; LINE-HEIGHT: 1.15\"><\/p>\n<div class=\"s10\" style=\"MARGIN-TOP: 0px; FONT-SIZE: 11px; MARGIN-BOTTOM: 0px; TEXT-INDENT: -18px; POSITION: absolute\">3.<\/div>\n<p>Cierre del camell\u00f3n central en Prolongaci\u00f3n Paseo de Montejo a la altura de la calle 17.<\/p><\/div>\n<p><\/p>\n<div class=\"s11\" style=\"MARGIN-TOP: 0px; MARGIN-BOTTOM: 10px; MARGIN-LEFT: 36px; LINE-HEIGHT: 1.15\"><\/p>\n<div class=\"s10\" style=\"MARGIN-TOP: 0px; FONT-SIZE: 11px; MARGIN-BOTTOM: 0px; TEXT-INDENT: -18px; POSITION: absolute\">4.<\/div>\n<p>Optimizaci\u00f3n del funcionamiento del sem\u00e1foro de la intersecci\u00f3n de Prolongaci\u00f3n Paseo de Montejo con la calle 13, reduciendo la operaci\u00f3n a dos fases.<\/p><\/div>\n<p><\/p>\n<div class=\"s11\" style=\"MARGIN-TOP: 0px; MARGIN-BOTTOM: 10px; MARGIN-LEFT: 36px; LINE-HEIGHT: 1.15\"><\/p>\n<div class=\"s10\" style=\"MARGIN-TOP: 0px; FONT-SIZE: 11px; MARGIN-BOTTOM: 0px; TEXT-INDENT: -18px; POSITION: absolute\">5.<\/div>\n<p>Instalaci\u00f3n de pares viales de las calles 26 y 28 entre Circuito Colonias y la calle 13 de la colonia Emiliano Zapata Norte.<\/p><\/div>\n<p><\/p>\n<div class=\"s11\" style=\"MARGIN-TOP: 0px; MARGIN-BOTTOM: 10px; MARGIN-LEFT: 36px; LINE-HEIGHT: 1.15\"><\/p>\n<div class=\"s10\" style=\"MARGIN-TOP: 0px; FONT-SIZE: 11px; MARGIN-BOTTOM: 0px; TEXT-INDENT: -18px; POSITION: absolute\">6.<\/div>\n<p>Creaci\u00f3n de pares viales en las calles 32 y 36 entre Circuito Colonias y la calle 15 del fraccionamiento Campestre.<\/p><\/div>\n<p><\/p>\n<div class=\"s11\" style=\"MARGIN-TOP: 0px; MARGIN-BOTTOM: 10px; MARGIN-LEFT: 36px; LINE-HEIGHT: 1.15\"><\/p>\n<div class=\"s10\" style=\"MARGIN-TOP: 0px; FONT-SIZE: 11px; MARGIN-BOTTOM: 0px; TEXT-INDENT: -18px; POSITION: absolute\">7.<\/div>\n<p>Reasignaci\u00f3n de las zonas de ascenso y descenso de alumnos del Colegio Roger\u00b4s Hall, evitando el congestionamiento sobre la calle 21, de tal manera que las entradas ser\u00e1n en la calle 36 para el k\u00ednder, en el interior del estacionamiento para primaria y sobre la calle 32 para secundaria y preparatoria.<\/p><\/div>\n<p><\/p>\n<div class=\"s11\" style=\"MARGIN-TOP: 0px; MARGIN-BOTTOM: 10px; MARGIN-LEFT: 36px; LINE-HEIGHT: 1.15\"><\/p>\n<div class=\"s10\" style=\"MARGIN-TOP: 0px; FONT-SIZE: 11px; MARGIN-BOTTOM: 0px; TEXT-INDENT: -18px; POSITION: absolute\">8.<\/div>\n<p>Modificaci\u00f3n vial del funcionamiento de la intersecci\u00f3n de Circuito Colonias con la avenida 20 de la colonia M\u00e9xico.<\/p><\/div>\n<p><\/p>\n<div class=\"s11\" style=\"MARGIN-TOP: 0px; MARGIN-BOTTOM: 10px; MARGIN-LEFT: 36px; LINE-HEIGHT: 1.15\"><\/p>\n<div class=\"s10\" style=\"MARGIN-TOP: 0px; FONT-SIZE: 11px; MARGIN-BOTTOM: 0px; TEXT-INDENT: -18px; POSITION: absolute\">9.<\/div>\n<p>Instalaci\u00f3n de un sem\u00e1foro repetidor en Circuito Colonias con la calle en el sector del estadio Salvador Alvarado, para que la vuelta izquierda hacia el sur est\u00e9 protegida, haciendo m\u00e1s ordenado y seguro el tr\u00e1nsito en esa zona.<\/p><\/div>\n<p>El secretario de Seguridad P\u00fablica resalt\u00f3 la importancia crear pares viales en lugar de calles de doble sentido de circulaci\u00f3n, pues as\u00ed se hace m\u00e1s \u00e1gil el flujo vehicular y tambi\u00e9n m\u00e1s seguro para automovilistas y peatones.<br \/>Indic\u00f3 que actualmente hay registrados en Yucat\u00e1n 549 mil 746 veh\u00edculos, m\u00e1s 28 mil 526 con placas for\u00e1neas pero de gente que reside en la entidad; el 80 por ciento de ese total circula en M\u00e9rida y esa cifra es 38 por ciento mayor a la de 2007, lo cual da una idea del crecimiento que ha habido en el parque vehicular de Yucat\u00e1n, lo cual ha provocado que se rebase la capacidad de varias avenidas y calles de la ciudad.<br \/>El director de Obras P\u00fablicas del Ayuntamiento de M\u00e9rida, Ing. Antonio Duarte Brice\u00f1o y el Cmdte. Federico Cuesy Adri\u00e1n, director de la Polic\u00eda Municipal, explicaron obras y proyectos que la Comuna est\u00e1 realizando para atender las necesidades viales en diversos puntos de la urbe.<br \/>La Comuna har\u00e1 obras de vialidad en la calle 22 por 35 de Montebello, donde se encuentra el Colegio renacimiento. No hab\u00eda sido posible por la existencia de un terreno particular que ahora ya pertenece al Ayuntamiento, una vez que el Cabildo aprob\u00f3 una permuta.<br \/>Tambi\u00e9n se present\u00f3 el proyecto del Municipio para obras en el rumbo de la Gran Plaza, para conectar \u00e9sta con la zona del Centro de Convenciones Siglo XXI, mediante un paso peatonal subterr\u00e1neo de aproximadamente 60 metros de longitud, as\u00ed como de modificaciones en la vialidad del sitio. Estas obras est\u00e1n sujetas a la disponibilidad de recursos en el presupuesto del a\u00f1o pr\u00f3ximo, se precis\u00f3.<br \/>Asimismo, el Ayuntamiento present\u00f3 ante el Consejo Consultivo un estudio de vialidad que propone restringir el tr\u00e1nsito vehicular en el interior del Cementerio General de M\u00e9rida, de la calle 90 (66 diagonal) interior desde la 81\u00aa hasta la 76. \u00danicamente ingresar\u00edan empleados y visitantes.<br \/>El objetivo es proteger a los mausoleos y otras construcciones del cementerio, considerado patrimonio cultural edificado de M\u00e9rida.<br \/>Tambi\u00e9n se abordaron asuntos relacionados con la vialidad en Ciudad Caucel, al poniente de la ciudad.<a href=\"http:\/\/1.bp.blogspot.com\/-c3x0ix40JXs\/ToZg4qc-JtI\/AAAAAAAAEUQ\/5nGiVx5p75A\/s1600\/image-774348.png\"><img decoding=\"async\" id=\"BLOGGER_PHOTO_ID_5658316508422350546\" alt=\"\" src=\"http:\/\/formalprision.com\/wp-content\/uploads\/2011\/10\/image-774348.jpg\" border=\"0\" \/><\/a><\/p>\n","protected":false},"excerpt":{"rendered":"<p>El Consejo Consultivo de Tr\u00e1nsito y Vialidad del Estado de Yucat\u00e1n, aprob\u00f3 hoy por unanimidad la realizaci\u00f3n de nueve acciones propuestas por la Secretar\u00eda de Seguridad P\u00fablica que forman parte<\/p>\n","protected":false},"author":1,"featured_media":25662,"comment_status":"open","ping_status":"open","sticky":false,"template":"","format":"standard","meta":{"jetpack_post_was_ever_published":false,"_jetpack_newsletter_access":"","_jetpack_dont_email_post_to_subs":false,"_jetpack_newsletter_tier_id":0,"_jetpack_memberships_contains_paywalled_content":false,"_jetpack_memberships_contains_paid_content":false,"footnotes":"","jetpack_publicize_message":"","jetpack_publicize_feature_enabled":true,"jetpack_social_post_already_shared":false,"jetpack_social_options":{"image_generator_settings":{"template":"highway","default_image_id":0,"font":"","enabled":false},"version":2}},"categories":[3,1,49],"tags":[],"class_list":["post-7803","post","type-post","status-publish","format-standard","has-post-thumbnail","hentry","category-portada","category-sin-categoria","category-tocho-morocho"],"jetpack_publicize_connections":[],"jetpack_featured_media_url":"https:\/\/formalprision.com\/wp-content\/uploads\/2011\/10\/image-774348.jpg","jetpack_sharing_enabled":true,"jetpack_shortlink":"https:\/\/wp.me\/p6id8p-21R","_links":{"self":[{"href":"https:\/\/formalprision.com\/index.php?rest_route=\/wp\/v2\/posts\/7803","targetHints":{"allow":["GET"]}}],"collection":[{"href":"https:\/\/formalprision.com\/index.php?rest_route=\/wp\/v2\/posts"}],"about":[{"href":"https:\/\/formalprision.com\/index.php?rest_route=\/wp\/v2\/types\/post"}],"author":[{"embeddable":true,"href":"https:\/\/formalprision.com\/index.php?rest_route=\/wp\/v2\/users\/1"}],"replies":[{"embeddable":true,"href":"https:\/\/formalprision.com\/index.php?rest_route=%2Fwp%2Fv2%2Fcomments&post=7803"}],"version-history":[{"count":0,"href":"https:\/\/formalprision.com\/index.php?rest_route=\/wp\/v2\/posts\/7803\/revisions"}],"wp:featuredmedia":[{"embeddable":true,"href":"https:\/\/formalprision.com\/index.php?rest_route=\/wp\/v2\/media\/25662"}],"wp:attachment":[{"href":"https:\/\/formalprision.com\/index.php?rest_route=%2Fwp%2Fv2%2Fmedia&parent=7803"}],"wp:term":[{"taxonomy":"category","embeddable":true,"href":"https:\/\/formalprision.com\/index.php?rest_route=%2Fwp%2Fv2%2Fcategories&post=7803"},{"taxonomy":"post_tag","embeddable":true,"href":"https:\/\/formalprision.com\/index.php?rest_route=%2Fwp%2Fv2%2Ftags&post=7803"}],"curies":[{"name":"wp","href":"https:\/\/api.w.org\/{rel}","templated":true}]}}